{"id":13285,"date":"2024-08-03T08:29:32","date_gmt":"2024-08-03T08:29:32","guid":{"rendered":"https:\/\/asdaamaghribia.ma\/?p=13285"},"modified":"2024-08-03T09:26:46","modified_gmt":"2024-08-03T09:26:46","slug":"%d8%aa%d9%87%d9%86%d8%a6%d8%a9-%d8%b1%d8%b6%d9%88%d8%a7%d9%86-%d8%a8%d8%b4%d9%8a%d8%b1%d9%8a","status":"publish","type":"post","link":"https:\/\/asdaamaghribia.ma\/?p=13285","title":{"rendered":"\u062a\u0647\u0646\u0626\u0629 \u0631\u0636\u0648\u0627\u0646 \u0628\u0634\u064a\u0631\u064a \u0645\u0646 \u0628\u0644\u062c\u064a\u0643\u0627"},"content":{"rendered":"<p style=\"text-align: center;\"><strong>A l\u2019occasion de la c\u00e9l\u00e9bration de la F\u00eate du Tr\u00f4ne qui co\u00efncide cette<\/strong><br \/>\n<strong>ann\u00e9e avec le 25\u00e8me anniversaire de l\u2019intronisation de<\/strong><br \/>\n<strong><span style=\"color: #ff0000;\">Sa Majest\u00e9 le Roi Mohammed VI<\/span><\/strong><br \/>\n<strong>que Dieu le Glorifie<\/strong><br \/>\n<strong><span style=\"color: #ff0000;\">Mr Radouan BACHIRI PDG de l\u2019entreprise\u00a0 Extension Communication Agency\u00a0<\/span><\/strong><br \/>\n<strong>en BELGIQUE<\/strong><br \/>\n<strong>sa famille et les membres du bureau ont l\u2019insigne honneur de<\/strong><br \/>\n<strong>pr\u00e9senter au Guide Supr\u00eame de la nation<\/strong><br \/>\n<strong>leurs voeux d\u00e9f\u00e9rents et respectueux.<\/strong><br \/>\n<strong>Implorant le Tout-Puissant de couronner de succ\u00e8s les<\/strong><br \/>\n<strong>actions du souverain et d\u2019accorder davantage de progr\u00e8s et de prosp\u00e9rit\u00e9 au royaume et au peuple marocain<\/strong><br \/>\n<strong>Implorant \u00e9galement le Tr\u00e8s-Haut de combler<\/strong><br \/>\n<strong>le souverain en la personne<\/strong><br \/>\n<strong>de SAR le Prince<\/strong><br \/>\n<strong>H\u00e9ritier Moulay El Hassan et toute la Famille Royale<\/strong><\/p>\n","protected":false},"excerpt":{"rendered":"<p>A l\u2019occasion de la c\u00e9l\u00e9bration de la F\u00eate du Tr\u00f4ne qui co\u00efncide cette ann\u00e9e avec le 25\u00e8me anniversaire de l\u2019intronisation de Sa Majest\u00e9 le Roi Mohammed VI que Dieu le Glorifie Mr Radouan BACHIRI PDG de l\u2019entreprise\u00a0 Extension Communication Agency\u00a0 en BELGIQUE sa famille et les membres du bureau ont l\u2019insigne honneur de pr\u00e9senter au [&hellip;]<\/p>\n","protected":false},"author":1,"featured_media":13286,"comment_status":"open","ping_status":"open","sticky":false,"template":"","format":"standard","meta":{"footnotes":""},"categories":[1],"tags":[],"class_list":["post-13285","post","type-post","status-publish","format-standard","has-post-thumbnail","hentry","category-uncategorized"],"_links":{"self":[{"href":"https:\/\/asdaamaghribia.ma\/index.php?rest_route=\/wp\/v2\/posts\/13285","targetHints":{"allow":["GET"]}}],"collection":[{"href":"https:\/\/asdaamaghribia.ma\/index.php?rest_route=\/wp\/v2\/posts"}],"about":[{"href":"https:\/\/asdaamaghribia.ma\/index.php?rest_route=\/wp\/v2\/types\/post"}],"author":[{"embeddable":true,"href":"https:\/\/asdaamaghribia.ma\/index.php?rest_route=\/wp\/v2\/users\/1"}],"replies":[{"embeddable":true,"href":"https:\/\/asdaamaghribia.ma\/index.php?rest_route=%2Fwp%2Fv2%2Fcomments&post=13285"}],"version-history":[{"count":4,"href":"https:\/\/asdaamaghribia.ma\/index.php?rest_route=\/wp\/v2\/posts\/13285\/revisions"}],"predecessor-version":[{"id":13301,"href":"https:\/\/asdaamaghribia.ma\/index.php?rest_route=\/wp\/v2\/posts\/13285\/revisions\/13301"}],"wp:featuredmedia":[{"embeddable":true,"href":"https:\/\/asdaamaghribia.ma\/index.php?rest_route=\/wp\/v2\/media\/13286"}],"wp:attachment":[{"href":"https:\/\/asdaamaghribia.ma\/index.php?rest_route=%2Fwp%2Fv2%2Fmedia&parent=13285"}],"wp:term":[{"taxonomy":"category","embeddable":true,"href":"https:\/\/asdaamaghribia.ma\/index.php?rest_route=%2Fwp%2Fv2%2Fcategories&post=13285"},{"taxonomy":"post_tag","embeddable":true,"href":"https:\/\/asdaamaghribia.ma\/index.php?rest_route=%2Fwp%2Fv2%2Ftags&post=13285"}],"curies":[{"name":"wp","href":"https:\/\/api.w.org\/{rel}","templated":true}]}}