{"id":12027,"date":"2026-04-24T22:04:32","date_gmt":"2026-04-24T22:04:32","guid":{"rendered":"https:\/\/asdaamaghribia.ma\/fr\/?p=12027"},"modified":"2026-04-24T22:04:32","modified_gmt":"2026-04-24T22:04:32","slug":"rencontre-de-fidelite-mustapha-belktibia-et-hassan-alaoui-directeur-de-maroc-diplomatique-une-image-qui-incarne-la-memoire-du-journalisme-marocain","status":"publish","type":"post","link":"https:\/\/asdaamaghribia.ma\/fr\/actualites\/12027\/","title":{"rendered":"Rencontre de fid\u00e9lit\u00e9\u2026 Mustapha Belktibia et Hassan Alaoui Directeur de Maroc Diplomatique, une image qui incarne la m\u00e9moire du journalisme marocain"},"content":{"rendered":"<p>&nbsp;<\/p>\n<div><strong>Dans une sc\u00e8ne empreinte de symbolisme et de profondeur, Mustapha Belktibia, Directeur de la revue Asda\u00e2 Maghribia, se tient aux c\u00f4t\u00e9s de Hassan Alaoui Directeur de Maroc Diplomatique, son ancien coll\u00e8gue dans les chemins du journalisme marocain. Cette image n\u2019est pas un simple instantan\u00e9, mais le t\u00e9moignage vivant d\u2019un long parcours marqu\u00e9 par la camaraderie, l\u2019amiti\u00e9 et l\u2019engagement commun envers les valeurs du journalisme national.<\/strong><br \/>\n<strong>Elle condense des d\u00e9cennies de travail m\u00e9diatique, o\u00f9 le pass\u00e9 et le pr\u00e9sent se rejoignent dans un moment humain et journalistique d\u2019une grande intensit\u00e9. Mustapha Belktibia, qui a consacr\u00e9 sa vie \u00e0 documenter la m\u00e9moire nationale et \u00e0 c\u00e9l\u00e9brer la presse marocaine, appara\u00eet aux c\u00f4t\u00e9s du Directeur d\u2019un m\u00e9dia devenu aujourd\u2019hui l\u2019un des porte-voix francophones les plus prestigieux du Maroc, confirmant que la presse nationale est capable de porter haut la voix du Royaume dans son environnement r\u00e9gional et international.<\/strong><br \/>\n<strong>Cette rencontre illustre la force des liens humains que tisse le journalisme et rappelle que la parole sinc\u00e8re demeure capable de rassembler ses artisans, quelles que soient leurs responsabilit\u00e9s ou leurs trajectoires. Se tenir c\u00f4te \u00e0 c\u00f4te avec un coll\u00e8gue d\u2019hier est une c\u00e9l\u00e9bration de la fid\u00e9lit\u00e9 au parcours et une reconnaissance mutuelle entre des hommes de plume qui ont contribu\u00e9 \u00e0 b\u00e2tir une \u00e9cole journalistique marocaine solide.<\/strong><br \/>\n<strong>C\u2019est aussi un rappel que le journalisme n\u2019est pas une simple profession, mais une mission nationale et humaine, une m\u00e9moire partag\u00e9e qui transmet la voix du Royaume \u00e0 son environnement r\u00e9gional et international. Cette image, empreinte de chaleur humaine et de profondeur symbolique, m\u00e9rite d\u2019\u00eatre consid\u00e9r\u00e9e comme un document de la m\u00e9moire m\u00e9diatique marocaine, et comme une preuve que la presse nationale sait unir les g\u00e9n\u00e9rations et construire des ponts entre hier et aujourd\u2019hui, entre fid\u00e9lit\u00e9 au pass\u00e9 et engagement pour l\u2019avenir.<\/strong><\/div>\n","protected":false},"excerpt":{"rendered":"<p>&nbsp; Dans une sc\u00e8ne empreinte de symbolisme et de profondeur, Mustapha Belktibia, Directeur de la revue Asda\u00e2 Maghribia, se tient aux c\u00f4t\u00e9s de Hassan Alaoui Directeur de Maroc Diplomatique, son ancien coll\u00e8gue dans les chemins du journalisme marocain. Cette image n\u2019est pas un simple instantan\u00e9, mais le t\u00e9moignage vivant d\u2019un long parcours marqu\u00e9 par la [&hellip;]<\/p>\n","protected":false},"author":1,"featured_media":12028,"comment_status":"open","ping_status":"open","sticky":false,"template":"","format":"standard","meta":{"footnotes":""},"categories":[17,11,27,12],"tags":[],"class_list":["post-12027","post","type-post","status-publish","format-standard","has-post-thumbnail","hentry","category-24-24","category-actualites","category-journalisme-citoyen","category-la-une"],"_links":{"self":[{"href":"https:\/\/asdaamaghribia.ma\/fr\/wp-json\/wp\/v2\/posts\/12027","targetHints":{"allow":["GET"]}}],"collection":[{"href":"https:\/\/asdaamaghribia.ma\/fr\/wp-json\/wp\/v2\/posts"}],"about":[{"href":"https:\/\/asdaamaghribia.ma\/fr\/wp-json\/wp\/v2\/types\/post"}],"author":[{"embeddable":true,"href":"https:\/\/asdaamaghribia.ma\/fr\/wp-json\/wp\/v2\/users\/1"}],"replies":[{"embeddable":true,"href":"https:\/\/asdaamaghribia.ma\/fr\/wp-json\/wp\/v2\/comments?post=12027"}],"version-history":[{"count":1,"href":"https:\/\/asdaamaghribia.ma\/fr\/wp-json\/wp\/v2\/posts\/12027\/revisions"}],"predecessor-version":[{"id":12029,"href":"https:\/\/asdaamaghribia.ma\/fr\/wp-json\/wp\/v2\/posts\/12027\/revisions\/12029"}],"wp:featuredmedia":[{"embeddable":true,"href":"https:\/\/asdaamaghribia.ma\/fr\/wp-json\/wp\/v2\/media\/12028"}],"wp:attachment":[{"href":"https:\/\/asdaamaghribia.ma\/fr\/wp-json\/wp\/v2\/media?parent=12027"}],"wp:term":[{"taxonomy":"category","embeddable":true,"href":"https:\/\/asdaamaghribia.ma\/fr\/wp-json\/wp\/v2\/categories?post=12027"},{"taxonomy":"post_tag","embeddable":true,"href":"https:\/\/asdaamaghribia.ma\/fr\/wp-json\/wp\/v2\/tags?post=12027"}],"curies":[{"name":"wp","href":"https:\/\/api.w.org\/{rel}","templated":true}]}}