{"id":12021,"date":"2026-04-24T18:12:09","date_gmt":"2026-04-24T18:12:09","guid":{"rendered":"https:\/\/asdaamaghribia.ma\/fr\/?p=12021"},"modified":"2026-04-24T18:13:22","modified_gmt":"2026-04-24T18:13:22","slug":"un-ecrin-de-culture-inaugure-par-leurs-altesses-royales-et-mme-brigitte-macron","status":"publish","type":"post","link":"https:\/\/asdaamaghribia.ma\/fr\/actualites\/12021\/","title":{"rendered":"Un \u00e9crin de culture inaugur\u00e9 \u00e0 Rabat par Leurs Altesses Royales et Mme Brigitte Macron\u202f"},"content":{"rendered":"<p>&nbsp;<\/p>\n<div>Sous le Haut Patronage de Sa Majest\u00e9 le Roi Mohammed VI, que Dieu L\u2019assiste, Leurs Altesses Royales les Princesses Lalla Khadija, Lalla Meryem et Lalla Hasnaa, pr\u00e9sidente de la Fondation du Th\u00e9\u00e2tre Royal de Rabat, accompagn\u00e9es de Madame Brigitte Macron, ont assist\u00e9, mercredi soir, au spectacle inaugural du Th\u00e9\u00e2tre Royal de Rabat. Cet \u00e9difice iconique se veut une concr\u00e9tisation de la Haute Sollicitude que le Souverain n\u2019a cess\u00e9 de manifester \u00e0 l\u2019\u00e9gard de l\u2019art et de la culture, inscrivant la capitale du Royaume dans une dynamique culturelle et artistique sans pr\u00e9c\u00e9dent.<br \/>\nAvant de regagner la Loge Royale, LL.AA.RR. les Princesses et Mme Brigitte Macron ont \u00e9t\u00e9 salu\u00e9es par les membres du Conseil d\u2019Administration de la Fondation du Th\u00e9\u00e2tre Royal. La c\u00e9r\u00e9monie s\u2019est ouverte par la projection d\u2019un film institutionnel retra\u00e7ant la gen\u00e8se et la vocation de ce haut lieu culturel, symbole du renouveau artistique de Rabat et reflet de la vision moderniste de Sa Majest\u00e9 le Roi, que Dieu Le pr\u00e9serve, en faveur de la valorisation des capacit\u00e9s cr\u00e9atives nationales.<\/div>\n<div><a href=\"http:\/\/asdaamaghribia.ma\/fr\/wp-content\/uploads\/2026\/04\/Theatre.jpg\"><img loading=\"lazy\" decoding=\"async\" class=\"aligncenter wp-image-12023 size-large\" src=\"http:\/\/asdaamaghribia.ma\/fr\/wp-content\/uploads\/2026\/04\/Theatre-1024x512.jpg\" alt=\"\" width=\"1024\" height=\"512\" srcset=\"https:\/\/asdaamaghribia.ma\/fr\/wp-content\/uploads\/2026\/04\/Theatre-1024x512.jpg 1024w, https:\/\/asdaamaghribia.ma\/fr\/wp-content\/uploads\/2026\/04\/Theatre-300x150.jpg 300w, https:\/\/asdaamaghribia.ma\/fr\/wp-content\/uploads\/2026\/04\/Theatre-768x384.jpg 768w, https:\/\/asdaamaghribia.ma\/fr\/wp-content\/uploads\/2026\/04\/Theatre.jpg 1200w\" sizes=\"auto, (max-width: 1024px) 100vw, 1024px\" \/><\/a><br \/>\nSitu\u00e9 au c\u0153ur de la vall\u00e9e du Bouregreg, dans la continuit\u00e9 de la Tour Hassan et du Mausol\u00e9e Mohammed V, le Th\u00e9\u00e2tre Royal s\u2019\u00e9rige, aux c\u00f4t\u00e9s de la Tour Mohammed VI, comme un embl\u00e8me architectural et urbain unique. Il incarne l\u2019ambition du programme int\u00e9gr\u00e9 \u00ab\u202fRabat Ville Lumi\u00e8re, capitale marocaine de la culture\u202f\u00bb, initi\u00e9 sous la conduite \u00e9clair\u00e9e du Souverain, qui a fait de la culture un pilier du d\u00e9veloppement et du progr\u00e8s du Royaume.<br \/>\nLe spectacle inaugural fut marqu\u00e9 par une programmation exclusivement port\u00e9e par des artistes marocains, offrant un moment musical d\u2019exception. Le pianiste Marouan Benabdallah interpr\u00e9ta des \u0153uvres classiques, la mezzo-soprano Ahlima Mhamdi donna vie \u00e0 de grands airs d\u2019op\u00e9ra, Samira Kadiri fit r\u00e9sonner le patrimoine arabo-andalou, tandis que Driss El Maloumi, virtuose du oud, proposa une cr\u00e9ation contemporaine inspir\u00e9e des sonorit\u00e9s marocaines.<br \/>\nCette soir\u00e9e historique vit \u00e9galement l\u2019union exceptionnelle de l\u2019Orchestre Philharmonique du Maroc, qui c\u00e9l\u00e8bre ses trente ans, et de l\u2019Orchestre Symphonique Royal, qui f\u00eate ses vingt ann\u00e9es d\u2019existence. R\u00e9unis pour la premi\u00e8re fois sur une m\u00eame sc\u00e8ne, sous la direction de Dina Bensa\u00efd, 76 musiciens et 40 choristes unirent leurs talents dans un \u00e9lan artistique commun, offrant un dialogue sublime entre le r\u00e9pertoire universel et le patrimoine national.<br \/>\nAu terme du spectacle, LL.AA.RR. les Princesses et Mme Brigitte Macron ont \u00e9t\u00e9 salu\u00e9es par les artistes et interpr\u00e8tes ayant contribu\u00e9 \u00e0 cette soir\u00e9e m\u00e9morable. L\u2019\u00e9v\u00e9nement a rassembl\u00e9 des centaines d\u2019acteurs culturels, intellectuels, cr\u00e9ateurs du spectacle vivant et des arts visuels, ainsi que des repr\u00e9sentants du corps diplomatique accr\u00e9dit\u00e9s \u00e0 Rabat.<br \/>\nLe Th\u00e9\u00e2tre Royal de Rabat s\u2019impose d\u00e9sormais comme un haut lieu de rayonnement culturel, destin\u00e9 \u00e0 hisser la capitale du Royaume au rang des grandes destinations internationales de l\u2019art et de la culture. Il refl\u00e8te la vocation du Maroc comme terre de dialogue interculturel et d\u2019interaction civilisationnelle, fid\u00e8le aux valeurs universelles port\u00e9es par Sa Majest\u00e9 le Roi Mohammed VI, que Dieu L\u2019assiste.<\/div>\n","protected":false},"excerpt":{"rendered":"<p>&nbsp; Sous le Haut Patronage de Sa Majest\u00e9 le Roi Mohammed VI, que Dieu L\u2019assiste, Leurs Altesses Royales les Princesses Lalla Khadija, Lalla Meryem et Lalla Hasnaa, pr\u00e9sidente de la Fondation du Th\u00e9\u00e2tre Royal de Rabat, accompagn\u00e9es de Madame Brigitte Macron, ont assist\u00e9, mercredi soir, au spectacle inaugural du Th\u00e9\u00e2tre Royal de Rabat. Cet \u00e9difice [&hellip;]<\/p>\n","protected":false},"author":1,"featured_media":12022,"comment_status":"open","ping_status":"open","sticky":false,"template":"","format":"standard","meta":{"footnotes":""},"categories":[11,12],"tags":[],"class_list":["post-12021","post","type-post","status-publish","format-standard","has-post-thumbnail","hentry","category-actualites","category-la-une"],"_links":{"self":[{"href":"https:\/\/asdaamaghribia.ma\/fr\/wp-json\/wp\/v2\/posts\/12021","targetHints":{"allow":["GET"]}}],"collection":[{"href":"https:\/\/asdaamaghribia.ma\/fr\/wp-json\/wp\/v2\/posts"}],"about":[{"href":"https:\/\/asdaamaghribia.ma\/fr\/wp-json\/wp\/v2\/types\/post"}],"author":[{"embeddable":true,"href":"https:\/\/asdaamaghribia.ma\/fr\/wp-json\/wp\/v2\/users\/1"}],"replies":[{"embeddable":true,"href":"https:\/\/asdaamaghribia.ma\/fr\/wp-json\/wp\/v2\/comments?post=12021"}],"version-history":[{"count":3,"href":"https:\/\/asdaamaghribia.ma\/fr\/wp-json\/wp\/v2\/posts\/12021\/revisions"}],"predecessor-version":[{"id":12026,"href":"https:\/\/asdaamaghribia.ma\/fr\/wp-json\/wp\/v2\/posts\/12021\/revisions\/12026"}],"wp:featuredmedia":[{"embeddable":true,"href":"https:\/\/asdaamaghribia.ma\/fr\/wp-json\/wp\/v2\/media\/12022"}],"wp:attachment":[{"href":"https:\/\/asdaamaghribia.ma\/fr\/wp-json\/wp\/v2\/media?parent=12021"}],"wp:term":[{"taxonomy":"category","embeddable":true,"href":"https:\/\/asdaamaghribia.ma\/fr\/wp-json\/wp\/v2\/categories?post=12021"},{"taxonomy":"post_tag","embeddable":true,"href":"https:\/\/asdaamaghribia.ma\/fr\/wp-json\/wp\/v2\/tags?post=12021"}],"curies":[{"name":"wp","href":"https:\/\/api.w.org\/{rel}","templated":true}]}}