{"id":12017,"date":"2026-04-24T18:03:14","date_gmt":"2026-04-24T18:03:14","guid":{"rendered":"https:\/\/asdaamaghribia.ma\/fr\/?p=12017"},"modified":"2026-04-24T18:03:14","modified_gmt":"2026-04-24T18:03:14","slug":"sar-le-prince-moulay-rachid-inaugure-la-18%e1%b5%89-edition-du-siam-a-meknes","status":"publish","type":"post","link":"https:\/\/asdaamaghribia.ma\/fr\/economie\/12017\/","title":{"rendered":"SAR le Prince Moulay Rachid inaugure la 18\u1d49 \u00e9dition du SIAM \u00e0 Mekn\u00e8s\u202f"},"content":{"rendered":"<p>&nbsp;<\/p>\n<div>Sous le Haut Patronage de Sa Majest\u00e9 le Roi Mohammed VI, que Dieu L\u2019assiste, Son Altesse Royale le Prince Moulay Rachid a pr\u00e9sid\u00e9, lundi, la c\u00e9r\u00e9monie d\u2019ouverture de la 18\u1d49 \u00e9dition du Salon International de l\u2019Agriculture au Maroc. Cet acte illustre la Haute Sollicitude Royale envers le secteur agricole et traduit l\u2019engagement constant du Royaume, sous le Leadership du Souverain, en faveur du d\u00e9veloppement durable, de la lutte contre les changements climatiques et de la s\u00e9curit\u00e9 alimentaire.<br \/>\nLa c\u00e9r\u00e9monie a \u00e9t\u00e9 marqu\u00e9e par la remise des signes distinctifs d\u2019origine et de qualit\u00e9 \u00e0 plusieurs coop\u00e9ratives agricoles, valorisant les produits du terroir marocain. SAR le Prince Moulay Rachid a ensuite visit\u00e9 les diff\u00e9rents p\u00f4les du Salon, notamment ceux consacr\u00e9s \u00e0 la production animale, \u00e0 la s\u00e9curit\u00e9 alimentaire, \u00e0 l\u2019agroalimentaire, \u00e0 l\u2019innovation digitale et aux produits du terroir.<br \/>\nInstall\u00e9 sur 37 hectares \u00e0 Sahrij Souani, le SIAM-2026 accueille 70 pays participants, avec le Portugal en invit\u00e9 d\u2019honneur, plus de 1.500 exposants, 500 coop\u00e9ratives, 200 \u00e9leveurs et 45 d\u00e9l\u00e9gations \u00e9trang\u00e8res, pour une affluence attendue d\u00e9passant 1,1 million de visiteurs.<br \/>\nDepuis sa cr\u00e9ation, le SIAM s\u2019est impos\u00e9 comme un rendez-vous majeur du calendrier agricole national et international. Cette 18\u1d49 \u00e9dition confirme son r\u00f4le de hub mondial de l\u2019agriculture, catalyseur de d\u00e9veloppement \u00e9conomique et vitrine de l\u2019identit\u00e9 agricole du Maroc, en droite ligne de la Vision Royale pour une agriculture innovante, inclusive et durable.<\/div>\n","protected":false},"excerpt":{"rendered":"<p>&nbsp; Sous le Haut Patronage de Sa Majest\u00e9 le Roi Mohammed VI, que Dieu L\u2019assiste, Son Altesse Royale le Prince Moulay Rachid a pr\u00e9sid\u00e9, lundi, la c\u00e9r\u00e9monie d\u2019ouverture de la 18\u1d49 \u00e9dition du Salon International de l\u2019Agriculture au Maroc. Cet acte illustre la Haute Sollicitude Royale envers le secteur agricole et traduit l\u2019engagement constant du [&hellip;]<\/p>\n","protected":false},"author":1,"featured_media":12018,"comment_status":"open","ping_status":"open","sticky":false,"template":"","format":"standard","meta":{"footnotes":""},"categories":[4],"tags":[],"class_list":["post-12017","post","type-post","status-publish","format-standard","has-post-thumbnail","hentry","category-economie"],"_links":{"self":[{"href":"https:\/\/asdaamaghribia.ma\/fr\/wp-json\/wp\/v2\/posts\/12017","targetHints":{"allow":["GET"]}}],"collection":[{"href":"https:\/\/asdaamaghribia.ma\/fr\/wp-json\/wp\/v2\/posts"}],"about":[{"href":"https:\/\/asdaamaghribia.ma\/fr\/wp-json\/wp\/v2\/types\/post"}],"author":[{"embeddable":true,"href":"https:\/\/asdaamaghribia.ma\/fr\/wp-json\/wp\/v2\/users\/1"}],"replies":[{"embeddable":true,"href":"https:\/\/asdaamaghribia.ma\/fr\/wp-json\/wp\/v2\/comments?post=12017"}],"version-history":[{"count":1,"href":"https:\/\/asdaamaghribia.ma\/fr\/wp-json\/wp\/v2\/posts\/12017\/revisions"}],"predecessor-version":[{"id":12019,"href":"https:\/\/asdaamaghribia.ma\/fr\/wp-json\/wp\/v2\/posts\/12017\/revisions\/12019"}],"wp:featuredmedia":[{"embeddable":true,"href":"https:\/\/asdaamaghribia.ma\/fr\/wp-json\/wp\/v2\/media\/12018"}],"wp:attachment":[{"href":"https:\/\/asdaamaghribia.ma\/fr\/wp-json\/wp\/v2\/media?parent=12017"}],"wp:term":[{"taxonomy":"category","embeddable":true,"href":"https:\/\/asdaamaghribia.ma\/fr\/wp-json\/wp\/v2\/categories?post=12017"},{"taxonomy":"post_tag","embeddable":true,"href":"https:\/\/asdaamaghribia.ma\/fr\/wp-json\/wp\/v2\/tags?post=12017"}],"curies":[{"name":"wp","href":"https:\/\/api.w.org\/{rel}","templated":true}]}}