{"id":12010,"date":"2026-04-24T17:44:30","date_gmt":"2026-04-24T17:44:30","guid":{"rendered":"https:\/\/asdaamaghribia.ma\/fr\/?p=12010"},"modified":"2026-04-24T17:46:25","modified_gmt":"2026-04-24T17:46:25","slug":"hassan-el-alaoui-une-plume-dor-au-service-du-journalisme-marocain","status":"publish","type":"post","link":"https:\/\/asdaamaghribia.ma\/fr\/actualites\/12010\/","title":{"rendered":"Hassan  Alaoui : Une Plume d&rsquo;Or au Service du Journalisme Marocain"},"content":{"rendered":"<p><strong>Hassan Alaoui est, sans la moindre exag\u00e9ration, l\u2019une des plumes les plus prestigieuses et les plus influentes du Maroc. Sa carri\u00e8re, qui s\u2019\u00e9tend sur plus d\u2019un demi-si\u00e8cle, a fait de lui une v\u00e9ritable \u00e9cole vivante du journalisme\u202f: une \u00e9criture o\u00f9 l\u2019\u00e9l\u00e9gance de la forme se marie \u00e0 la profondeur du fond, et o\u00f9 la noblesse du mot demeure souveraine.<\/strong><br \/>\nN\u00e9 \u00e0 Azrou, pr\u00e8s d\u2019Ifrane, il fit ses \u00e9tudes au coll\u00e8ge berb\u00e8re, devenu plus tard le lyc\u00e9e Tarek Ibn Ziyad. Sa jeunesse fut marqu\u00e9e par ses visites hebdomadaires \u00e0 un monast\u00e8re \u00e9difi\u00e9 par des moines fran\u00e7ais en 1930, dot\u00e9 d\u2019une biblioth\u00e8que ouverte aux jeunes. C\u2019est l\u00e0 qu\u2019en 1964, encore \u00e9l\u00e8ve, il croisa deux figures majeures\u202f: Hubert Beuve-M\u00e9ry, fondateur du Monde, et Jean Lacouture, journaliste de renom. Cette rencontre fut d\u00e9cisive\u202f: il tomba amoureux de la presse et se mit \u00e0 lire, puis \u00e0 m\u00e9moriser, les \u00e9ditoriaux du Monde.<br \/>\nEn 1968, il s\u2019installa en France, visita la r\u00e9daction du Monde et int\u00e9gra l\u2019\u00c9cole de journalisme de Lille, dont il sortit dipl\u00f4m\u00e9 en 1975. Sans bourse, il finan\u00e7a ses \u00e9tudes par ses propres efforts, alternant th\u00e9orie et pratique, et compl\u00e9tant sa formation par un stage au Monde. Il rejoignit ensuite le service international du journal, couvrant des \u00e9v\u00e9nements majeurs tels que la chute du pr\u00e9sident Nixon et la guerre d\u2019Octobre.<br \/>\nIl poursuivit ses \u00e9tudes \u00e0 l\u2019\u00c9cole des hautes \u00e9tudes en sciences sociales de Paris, sous la direction de Jacques Berque, et y rencontra Michel Foucault, qui lui ouvrit les portes d\u2019une lecture critique du monde. Depuis, le livre est devenu son refuge quotidien\u202f: il lit deux \u00e0 trois ouvrages par semaine.<br \/>\nEn 1975, dans le contexte de la Marche verte, Hassan Alaoui revint au Maroc \u00e0 l\u2019invitation de Moulay Ahmed Alaoui, pour rejoindre le groupe Maroc Soir comme r\u00e9dacteur en chef (1976-1979). Fid\u00e8le \u00e0 cette maison, il consid\u00e9ra sa relation avec Le Matin comme une v\u00e9ritable histoire d\u2019amour et une raison d\u2019\u00eatre.<br \/>\nIl dirigea longtemps la r\u00e9daction de Maroc Soir et de Le Matin, tout en signant des \u00e9ditoriaux marqu\u00e9s par la rigueur analytique et le souffle litt\u00e9raire. Collaborateur de plusieurs titres, il affirma que le journalisme n\u2019\u00e9tait pas une fonction, mais une mission nationale et humaine.<br \/>\nEn d\u00e9cembre 2004, il re\u00e7ut la L\u00e9gion d\u2019honneur fran\u00e7aise, sur proposition du pr\u00e9sident Jacques Chirac, devenant le seul journaliste francophone \u00e9tranger \u00e0 obtenir cette distinction. Pourtant, il resta humble, fid\u00e8le \u00e0 ses principes, toujours souriant, prodiguant ses conseils aux jeunes journalistes avec la bienveillance d\u2019un ma\u00eetre.<br \/>\nAuteur de plusieurs ouvrages, il publia notamment Guerre secr\u00e8te au Sahara occidental, r\u00e9f\u00e9rence incontournable pour comprendre l\u2019un des dossiers r\u00e9gionaux les plus complexes. Ses \u00e9crits traduisent sa conviction que le journaliste doit \u00eatre \u00e0 la fois historien de l\u2019instant et penseur des enjeux du pays et de l\u2019humanit\u00e9.<br \/>\nMalgr\u00e9 son immense exp\u00e9rience, Hassan Alaoui confesse avec modestie l\u2019angoisse de la page blanche, semblable au trac de l\u2019artiste avant la sc\u00e8ne. Il \u00e9crit selon un plan pr\u00e9cis, relit trois fois ses textes avant de les signer, et r\u00e9p\u00e8te\u202f: \u00ab\u202fIl n\u2019existe pas de grands journalistes, mais de grands journaux.\u202f\u00bb<br \/>\nAu-del\u00e0 de son parcours au sein du groupe Maroc Soir et de Le Matin, il fonda Maroc Diplomatique, devenu aujourd\u2019hui l\u2019un des principaux m\u00e9dias francophones du pays. Ce magazine incarne sa vision d\u2019une presse raffin\u00e9e, conjuguant analyse politique et diplomatique, culture et \u00e9conomie, pour porter la voix du Maroc dans son environnement r\u00e9gional et international.<br \/>\nLa trajectoire de Hassan Alaoui d\u00e9passe la biographie personnelle\u202f: elle s\u2019inscrit dans l\u2019histoire du journalisme marocain. Elle est une invitation \u00e0 redonner toute sa valeur \u00e0 la parole sinc\u00e8re et \u00e0 c\u00e9l\u00e9brer le journaliste qui \u00e9crit avec conscience, convaincu que la presse est le miroir de la nation et la voix du citoyen.<\/p>\n<p style=\"text-align: right;\"><span style=\"color: #ff0000;\">Mustapha BELKTIBIA<\/span><\/p>\n","protected":false},"excerpt":{"rendered":"<p>Hassan Alaoui est, sans la moindre exag\u00e9ration, l\u2019une des plumes les plus prestigieuses et les plus influentes du Maroc. Sa carri\u00e8re, qui s\u2019\u00e9tend sur plus d\u2019un demi-si\u00e8cle, a fait de lui une v\u00e9ritable \u00e9cole vivante du journalisme\u202f: une \u00e9criture o\u00f9 l\u2019\u00e9l\u00e9gance de la forme se marie \u00e0 la profondeur du fond, et o\u00f9 la noblesse [&hellip;]<\/p>\n","protected":false},"author":1,"featured_media":12011,"comment_status":"open","ping_status":"open","sticky":false,"template":"","format":"standard","meta":{"footnotes":""},"categories":[11,24],"tags":[],"class_list":["post-12010","post","type-post","status-publish","format-standard","has-post-thumbnail","hentry","category-actualites","category-personnalites-distinguees"],"_links":{"self":[{"href":"https:\/\/asdaamaghribia.ma\/fr\/wp-json\/wp\/v2\/posts\/12010","targetHints":{"allow":["GET"]}}],"collection":[{"href":"https:\/\/asdaamaghribia.ma\/fr\/wp-json\/wp\/v2\/posts"}],"about":[{"href":"https:\/\/asdaamaghribia.ma\/fr\/wp-json\/wp\/v2\/types\/post"}],"author":[{"embeddable":true,"href":"https:\/\/asdaamaghribia.ma\/fr\/wp-json\/wp\/v2\/users\/1"}],"replies":[{"embeddable":true,"href":"https:\/\/asdaamaghribia.ma\/fr\/wp-json\/wp\/v2\/comments?post=12010"}],"version-history":[{"count":2,"href":"https:\/\/asdaamaghribia.ma\/fr\/wp-json\/wp\/v2\/posts\/12010\/revisions"}],"predecessor-version":[{"id":12013,"href":"https:\/\/asdaamaghribia.ma\/fr\/wp-json\/wp\/v2\/posts\/12010\/revisions\/12013"}],"wp:featuredmedia":[{"embeddable":true,"href":"https:\/\/asdaamaghribia.ma\/fr\/wp-json\/wp\/v2\/media\/12011"}],"wp:attachment":[{"href":"https:\/\/asdaamaghribia.ma\/fr\/wp-json\/wp\/v2\/media?parent=12010"}],"wp:term":[{"taxonomy":"category","embeddable":true,"href":"https:\/\/asdaamaghribia.ma\/fr\/wp-json\/wp\/v2\/categories?post=12010"},{"taxonomy":"post_tag","embeddable":true,"href":"https:\/\/asdaamaghribia.ma\/fr\/wp-json\/wp\/v2\/tags?post=12010"}],"curies":[{"name":"wp","href":"https:\/\/api.w.org\/{rel}","templated":true}]}}