{"id":11848,"date":"2025-10-31T21:46:47","date_gmt":"2025-10-31T21:46:47","guid":{"rendered":"https:\/\/asdaamaghribia.ma\/fr\/?p=11848"},"modified":"2025-10-31T21:46:47","modified_gmt":"2025-10-31T21:46:47","slug":"sm-le-roi-adresse-un-discours-a-son-peuple-fidele","status":"publish","type":"post","link":"https:\/\/asdaamaghribia.ma\/fr\/uncategorized\/11848\/","title":{"rendered":"SM le Roi adresse un Discours \u00e0 Son peuple fid\u00e8le"},"content":{"rendered":"<h6 class=\"node-tpl-ville-accroche\"><strong>Sa Majest\u00e9 le Roi Mohammed VI, que Dieu L&rsquo;assiste, a adress\u00e9, vendredi, un Discours \u00e0 Son peuple fid\u00e8le.<\/strong><\/h6>\n<div class=\"node-wrapper-img-corps\">\n<div class=\"node-tpl-corps\">\n<h6><strong>Voici le texte int\u00e9gral du Discours Royal :<\/strong><\/h6>\n<h6><strong>\u00ab\u00a0Louange \u00e0 Dieu, Pri\u00e8re et salut sur le Proph\u00e8te, Sa famille et Ses compagnons.<\/strong><\/h6>\n<h6><strong>Dieu dit dans Son Livre Sacr\u00e9 : \u00ab\u00a0Nous t\u2019avons accord\u00e9 une victoire \u00e9clatante\u00a0\u00bb. V\u00e9ridique est la parole de Dieu.\u00a0<\/strong><\/h6>\n<h6><strong>Cher peuple,\u00a0<\/strong><\/h6>\n<h6><strong>Par la gr\u00e2ce du Seigneur et avec Son aide, apr\u00e8s cinquante ans de sacrifices, nous ouvrons un nouveau chapitre victorieux dans le processus de cons\u00e9cration de la Marocanit\u00e9 du Sahara, destin\u00e9 \u00e0 clore d\u00e9finitivement le dossier de ce conflit artificiel, par une solution consensuelle fond\u00e9e sur l\u2019Initiative d\u2019Autonomie.\u00a0<\/strong><\/h6>\n<h6><strong>C\u2019est un v\u00e9ritable motif de fiert\u00e9 que ce changement historique intervienne \u00e0 la p\u00e9riode o\u00f9 sont comm\u00e9mor\u00e9s respectivement les cinquanti\u00e8me et soixante-dixi\u00e8me anniversaires de la Marche Verte et de l\u2019Ind\u00e9pendance du Maroc.\u00a0<\/strong><\/h6>\n<h6><strong>A cette occasion, Je me r\u00e9jouis de partager avec toi la satisfaction que M\u2019inspire la teneur de la derni\u00e8re R\u00e9solution du Conseil de S\u00e9curit\u00e9.\u00a0<\/strong><\/h6>\n<h6><strong>Nous vivons une \u00e9tape charni\u00e8re et un tournant d\u00e9cisif dans l\u2019Histoire du Maroc moderne: D\u00e9sormais, il y aura un avant et un apr\u00e8s 31 octobre 2025.\u00a0<\/strong><\/h6>\n<h6><strong>Il est venu le temps du Maroc uni qui s\u2019\u00e9tend de Tanger \u00e0 Lagouira : celui dont nul ne s\u2019avisera de bafouer les droits, ni de transgresser les fronti\u00e8res historiques.\u00a0<\/strong><\/h6>\n<h6><strong>Cher peuple,\u00a0<\/strong><\/h6>\n<h6><strong>Dans un pr\u00e9c\u00e9dent Discours, J\u2019ai affirm\u00e9 qu\u2019en ce qui concernait l\u2019affaire de notre int\u00e9grit\u00e9 territoriale, nous \u00e9tions pass\u00e9s d\u2019une phase de gestion proprement dite \u00e0 celle d\u2019une dynamique de changement.\u00a0<\/strong><\/h6>\n<h6><strong>En effet, la dynamique que Nous avons impuls\u00e9e ces derni\u00e8res ann\u00e9es a commenc\u00e9 \u00e0 porter ses fruits sur tous les plans.\u00a0<\/strong><\/h6>\n<h6><strong>De fait, les deux-tiers des Etats-membres des Nations Unies consid\u00e8rent d\u00e9sormais que l\u2019Initiative d\u2019Autonomie est le seul cadre qui vaille pour parvenir au r\u00e8glement de ce conflit.\u00a0<\/strong><\/h6>\n<h6><strong>Par ailleurs, la reconnaissance de la souverainet\u00e9 \u00e9conomique du Royaume sur ses Provinces du Sud s\u2019est largement \u00e9tendue apr\u00e8s que de grandes puissances \u00e9conomiques comme les Etats-Unis d\u2019Am\u00e9rique, la France, la Grande-Bretagne, la Russie, l\u2019Espagne et l\u2019Union Europ\u00e9enne ont d\u00e9cid\u00e9 d\u2019encourager les investissements dans ces provinces et de promouvoir les \u00e9changes commerciaux avec elles.<\/strong><\/h6>\n<h6><strong>Avec un tel atout, ces provinces peuvent d\u00e9sormais s\u2019affirmer au sein de leur environnement r\u00e9gional, y compris la r\u00e9gion du Sahel et du Sahara, comme un p\u00f4le de d\u00e9veloppement et de stabilit\u00e9 et un axe central de l\u2019activit\u00e9 \u00e9conomique.\u00a0<\/strong><\/h6>\n<h6><strong>Dieu soit lou\u00e9, nous entrons dans la phase d\u00e9cisive du processus onusien d\u00e8s lors que la R\u00e9solution du Conseil de S\u00e9curit\u00e9 d\u00e9finit les principes et les fondements susceptibles de conduire \u00e0 un r\u00e8glement politique d\u00e9finitif de ce conflit, dans le strict respect des droits l\u00e9gitimes du Maroc.\u00a0<\/strong><\/h6>\n<h6><strong>Dans le droit fil de la R\u00e9solution onusienne, le Maroc proc\u00e9dera \u00e0 l\u2019actualisation et \u00e0 la formulation d\u00e9taill\u00e9e de la Proposition d\u2019Autonomie en vue d\u2019une soumission ult\u00e9rieure aux Nations Unies. En tant que solution r\u00e9aliste et applicable, elle devra constituer la seule base de n\u00e9gociation.\u00a0<\/strong><\/h6>\n<h6><strong>Nous saisissons cette occasion pour exprimer nos remerciements et notre consid\u00e9ration \u00e0 tous les pays qui, par leurs positions constructives et leurs efforts soutenus en faveur du bon droit et de la l\u00e9gitimit\u00e9, ont contribu\u00e9 \u00e0 l\u2019av\u00e8nement de ce changement.<\/strong><\/h6>\n<h6><strong>Je r\u00e9serve une mention sp\u00e9ciale aux Etats-Unis d\u2019Am\u00e9rique, sous le leadership de Notre Ami, Son Excellence le Pr\u00e9sident Donald Trump, dont les efforts ont permis d\u2019ouvrir la voie \u00e0 un r\u00e8glement d\u00e9finitif de ce conflit.\u00a0<\/strong><\/h6>\n<h6><strong>Nous remercions aussi nos amis en Grande-Bretagne et en Espagne, et plus sp\u00e9cialement, en France, dont les efforts ont concouru \u00e0 faire aboutir ce processus pacifique.\u00a0<\/strong><\/h6>\n<h6><strong>Nos vifs remerciements vont \u00e9galement \u00e0 tous les pays arabes et africains fr\u00e8res qui n\u2019ont jamais cess\u00e9 d\u2019exprimer leur soutien inconditionnel \u00e0 la Marocanit\u00e9 du Sahara, ainsi qu\u2019aux diff\u00e9rents pays du monde qui appuient l\u2019Initiative d\u2019Autonomie.\u00a0<\/strong><\/h6>\n<h6><strong>Bien que la question de notre int\u00e9grit\u00e9 territoriale connaisse des \u00e9volutions positives, le Maroc demeure attach\u00e9 \u00e0 la n\u00e9cessit\u00e9 de parvenir \u00e0 une solution qui sauve la face de toutes les parties, sans vainqueur, ni vaincu.<\/strong><\/h6>\n<h6><strong>Le Maroc ne brandit pas ces changements comme un troph\u00e9e et ne souhaite nullement attiser les antagonismes ou accentuer les divisions.\u00a0<\/strong><\/h6>\n<h6><strong>Dans ce contexte, Nous appelons sinc\u00e8rement nos fr\u00e8res dans les camps de Tindouf \u00e0 saisir cette opportunit\u00e9 historique pour retrouver les leurs et jouir de la possibilit\u00e9 que leur offre l\u2019Initiative d\u2019autonomie de contribuer \u00e0 la gestion des affaires locales, au d\u00e9veloppement de leur patrie et \u00e0 la construction de leur avenir, dans le giron du Maroc uni.\u00a0<\/strong><\/h6>\n<h6><strong>En Ma qualit\u00e9 de Roi, garant des droits et des libert\u00e9s des citoyens, J\u2019affirme solennellement que les Marocains, \u00e9tant tous \u00e9gaux, il n\u2019y a pas de diff\u00e9rence entre les personnes rentr\u00e9es des camps de Tindouf et leurs fr\u00e8res install\u00e9s dans le reste du territoire national.<\/strong><\/h6>\n<h6><strong>Par ailleurs, J\u2019invite Mon Fr\u00e8re, Son Excellence le Pr\u00e9sident Abdelmadjid Tebboune \u00e0 un dialogue fraternel sinc\u00e8re entre le Maroc et l\u2019Alg\u00e9rie afin que, nos diff\u00e9rends d\u00e9pass\u00e9s, nous jetions les bases de relations nouvelles fond\u00e9es sur la confiance, la fraternit\u00e9 et le bon voisinage.\u00a0<\/strong><\/h6>\n<h6><strong>En outre, Nous r\u00e9it\u00e9rons notre engagement \u00e0 continuer d\u2019\u0153uvrer \u00e0 la relance de l\u2019Union du Maghreb, sur la base du respect mutuel, de la coop\u00e9ration et de la compl\u00e9mentarit\u00e9 entre ses cinq Etats-membres.\u00a0<\/strong><\/h6>\n<h6><strong>Cher peuple,\u00a0<\/strong><\/h6>\n<h6><strong>Le d\u00e9veloppement g\u00e9n\u00e9ral de nos provinces du sud, ainsi que la s\u00e9curit\u00e9 et la stabilit\u00e9 qui y r\u00e8gnent, ont \u00e9t\u00e9 possibles gr\u00e2ce aux sacrifices de tous les Marocains.\u00a0<\/strong><\/h6>\n<h6><strong>A ce propos, Nous tenons \u00e0 exprimer la fiert\u00e9 et la consid\u00e9ration que Nous inspirent tous Nos fid\u00e8les sujets, et plus particuli\u00e8rement les habitants de nos Provinces du sud, qui ont toujours manifest\u00e9 leur attachement aux symboles sacr\u00e9s de la Nation, \u00e0 son unit\u00e9 nationale et \u00e0 son int\u00e9grit\u00e9 territoriale.\u00a0<\/strong><\/h6>\n<h6><strong>Nous saluons \u00e9galement les efforts inlassables de la diplomatie officielle, partisane et parlementaire et ceux des diff\u00e9rentes institutions nationales, pour clore d\u00e9finitivement le dossier de notre int\u00e9grit\u00e9 territoriale.\u00a0<\/strong><\/h6>\n<h6><strong>L\u2019anniversaire de la Glorieuse Marche Verte est l\u2019occasion de nous rem\u00e9morer avec d\u00e9f\u00e9rence les grands sacrifices consentis, durant les cinquante derni\u00e8res ann\u00e9es, par les Forces Arm\u00e9es Royales et les Forces de s\u00e9curit\u00e9 dans toutes leurs composantes, ainsi que par leurs familles \u00e9tablies sur tout le territoire national, afin de d\u00e9fendre l\u2019unit\u00e9 du pays et de pr\u00e9server sa s\u00e9curit\u00e9 et sa stabilit\u00e9.<\/strong><\/h6>\n<h6><strong>Nous nous rappelons avec recueillement et saluons la m\u00e9moire de l\u2019Artisan de la Marche Verte, Notre V\u00e9n\u00e9r\u00e9 P\u00e8re, Sa Majest\u00e9 le Roi Hassan II, que Dieu l\u2019ait en Sa sainte mis\u00e9ricorde, ainsi que celle de tous les valeureux martyrs de la Nation.<\/strong><\/h6>\n<h6><strong>Wassalamou alaikoum wa rahmatoullah wa barakatouh\u00a0\u00bb.<\/strong><\/h6>\n<\/div>\n<\/div>\n","protected":false},"excerpt":{"rendered":"<p>Sa Majest\u00e9 le Roi Mohammed VI, que Dieu L&rsquo;assiste, a adress\u00e9, vendredi, un Discours \u00e0 Son peuple fid\u00e8le. Voici le texte int\u00e9gral du Discours Royal : \u00ab\u00a0Louange \u00e0 Dieu, Pri\u00e8re et salut sur le Proph\u00e8te, Sa famille et Ses compagnons. Dieu dit dans Son Livre Sacr\u00e9 : \u00ab\u00a0Nous t\u2019avons accord\u00e9 une victoire \u00e9clatante\u00a0\u00bb. V\u00e9ridique est [&hellip;]<\/p>\n","protected":false},"author":1,"featured_media":11849,"comment_status":"open","ping_status":"open","sticky":false,"template":"","format":"standard","meta":{"footnotes":""},"categories":[17,10,11,1],"tags":[],"class_list":["post-11848","post","type-post","status-publish","format-standard","has-post-thumbnail","hentry","category-24-24","category-activites-royales","category-actualites","category-uncategorized"],"_links":{"self":[{"href":"https:\/\/asdaamaghribia.ma\/fr\/wp-json\/wp\/v2\/posts\/11848","targetHints":{"allow":["GET"]}}],"collection":[{"href":"https:\/\/asdaamaghribia.ma\/fr\/wp-json\/wp\/v2\/posts"}],"about":[{"href":"https:\/\/asdaamaghribia.ma\/fr\/wp-json\/wp\/v2\/types\/post"}],"author":[{"embeddable":true,"href":"https:\/\/asdaamaghribia.ma\/fr\/wp-json\/wp\/v2\/users\/1"}],"replies":[{"embeddable":true,"href":"https:\/\/asdaamaghribia.ma\/fr\/wp-json\/wp\/v2\/comments?post=11848"}],"version-history":[{"count":1,"href":"https:\/\/asdaamaghribia.ma\/fr\/wp-json\/wp\/v2\/posts\/11848\/revisions"}],"predecessor-version":[{"id":11850,"href":"https:\/\/asdaamaghribia.ma\/fr\/wp-json\/wp\/v2\/posts\/11848\/revisions\/11850"}],"wp:featuredmedia":[{"embeddable":true,"href":"https:\/\/asdaamaghribia.ma\/fr\/wp-json\/wp\/v2\/media\/11849"}],"wp:attachment":[{"href":"https:\/\/asdaamaghribia.ma\/fr\/wp-json\/wp\/v2\/media?parent=11848"}],"wp:term":[{"taxonomy":"category","embeddable":true,"href":"https:\/\/asdaamaghribia.ma\/fr\/wp-json\/wp\/v2\/categories?post=11848"},{"taxonomy":"post_tag","embeddable":true,"href":"https:\/\/asdaamaghribia.ma\/fr\/wp-json\/wp\/v2\/tags?post=11848"}],"curies":[{"name":"wp","href":"https:\/\/api.w.org\/{rel}","templated":true}]}}