{"id":11762,"date":"2025-04-12T12:11:19","date_gmt":"2025-04-12T12:11:19","guid":{"rendered":"https:\/\/asdaamaghribia.ma\/fr\/?p=11762"},"modified":"2025-04-12T12:11:19","modified_gmt":"2025-04-12T12:11:19","slug":"sejour-a-new-york-plongee-dans-lexperience-mun","status":"publish","type":"post","link":"https:\/\/asdaamaghribia.ma\/fr\/actualites\/11762\/","title":{"rendered":"\u00a0S\u00e9jour \u00e0 New York : Plong\u00e9e dans l\u2019Exp\u00e9rience MUN"},"content":{"rendered":"<h5><\/h5>\n<h5><\/h5>\n<h5 style=\"text-align: center;\"><strong><span style=\"color: #ff0000;\">Par : Hiba Akouayri*<\/span><\/strong><\/h5>\n<h5>J&rsquo;ai grandi berc\u00e9e par les paroles de mon p\u00e8re : \u00ab Tu as la prestance d\u2019un ministre, d\u2019un leader \u2013 quelqu\u2019un destin\u00e9 \u00e0 laisser une empreinte. \u00bb Ma m\u00e8re, soutien ind\u00e9fectible de mon ambition, a cultiv\u00e9 en moi la conviction que je pouvais \u00eatre une source d\u2019inspiration et d\u2019impact. Mais la graine la plus pr\u00e9cieuse fut sem\u00e9e par mon grand p\u00e8re, Mohamed Bougarne \u2013 un homme au coeur noble, amoureux de son pays et de ses valeurs. C\u2019est lui qui m\u2019a transmis le respect des grands esprits et l\u2019admiration des leaders visionnaires. Bien qu\u2019il ne soit plus parmi nous, tout ce que je fais, je le fais en portant son nom avec honneur et amour. Son h\u00e9ritage vit en moi, \u00e0 chaque pas que je fais vers l\u2019excellence.<\/h5>\n<h5>Lorsque mes pieds ont touch\u00e9 le sol vibrant de New York, ce n\u2019\u00e9taient pas seulement les gratte-ciels imposants ni le tumulte incessant qui m\u2019ont \u00e9merveill\u00e9e ; c\u2019\u00e9tait la concr\u00e9tisation d\u2019un r\u00eave \u00e9veill\u00e9, allum\u00e9 des ann\u00e9es auparavant, le jour o\u00f9 j\u2019ai d\u00e9couvert l\u2019univers fascinant de la diplomatie.<\/h5>\n<h5>Je suis Hiba Akouayri, \u00e9l\u00e8ve du Lyc\u00e9e Ibnou Arabi, et j\u2019ai eu l\u2019honneur de faire partie de la d\u00e9l\u00e9gation marocaine lors du prestigieux FWWMUN, qui s\u2019est tenu du 2 au 9 avril 2025.<\/h5>\n<h5>Ce voyage n\u2019a pas \u00e9t\u00e9 qu\u2019une aventure acad\u00e9mique, mais une exp\u00e9rience profond\u00e9ment transformatrice. Accompagn\u00e9e de 11 participants passionn\u00e9s, ainsi que de notre Responsable et encadrante, nous avons port\u00e9 la voix du Maroc dans l\u2019un des lieux les plus importants du dialogue international, avec fiert\u00e9 et chaleur culturelle.<\/h5>\n<h5><span style=\"color: #ff0000;\"><strong>D\u00e9l\u00e9gu\u00e9e du Soudan, mais fi\u00e8rement repr\u00e9sentante du Maroc et de l\u2019Afrique<\/strong><\/span><\/h5>\n<p><a href=\"http:\/\/asdaamaghribia.ma\/fr\/wp-content\/uploads\/2025\/04\/kouari.jpg\"><img loading=\"lazy\" decoding=\"async\" class=\"aligncenter wp-image-11763 size-medium\" src=\"http:\/\/asdaamaghribia.ma\/fr\/wp-content\/uploads\/2025\/04\/kouari-225x300.jpg\" alt=\"\" width=\"225\" height=\"300\" srcset=\"https:\/\/asdaamaghribia.ma\/fr\/wp-content\/uploads\/2025\/04\/kouari-225x300.jpg 225w, https:\/\/asdaamaghribia.ma\/fr\/wp-content\/uploads\/2025\/04\/kouari.jpg 663w\" sizes=\"auto, (max-width: 225px) 100vw, 225px\" \/><\/a><\/p>\n<h5>Dans l\u2019univers effervescent de la diplomatie, j\u2019ai eu l\u2019honneur de repr\u00e9senter le Soudan au sein de la commission \u00e9conomique et financi\u00e8re (ECOFIN). Pourtant, chaque mot que je pronon\u00e7ais allait bien au-del\u00e0 de la mission que l\u2019on m\u2019avait confi\u00e9e. Il portait la voix du Maroc, de l\u2019Afrique, de mon identit\u00e9. Les d\u00e9l\u00e9gu\u00e9s, venus des quatre coins du monde, me demandaient d\u2019o\u00f9 je venais. Et, le coeur rempli de fiert\u00e9, je r\u00e9pondais :<strong><span style=\"color: #ff0000;\"> \u00ab Je suis Marocaine. \u00bb<\/span><\/strong> \u00c0 travers chaque d\u00e9bat, je ne portais pas seulement une position \u2013 je portais l\u2019\u00e2me d\u2019un peuple, le souffle d\u2019un continent.<\/h5>\n<h5>L\u2019un des moments marquants fut l\u2019adoption de ma r\u00e9solution concernant le point A, seule \u00e0 \u00eatre accept\u00e9e parmi quatre autres rejet\u00e9es. Cette r\u00e9ussite n\u2019\u00e9tait pas juste la mienne ; elle appartenait \u00e0 tous ceux qui m\u2019avaient soutenue, \u00e0 mon pays, \u00e0 mon r\u00eave.<\/h5>\n<h5>De la ferveur des d\u00e9bats \u00e0 la magie de la ville de New York\u2026<\/h5>\n<h5>Une ville de contrastes et d\u2019\u00e9motions : la tension des discussions contre la beaut\u00e9 de la skyline, l\u2019\u00e9nergie de Times Square face \u00e0 la solennit\u00e9 du si\u00e8ge de l\u2019ONU. Nous avons explor\u00e9 Manhattan, l\u2019Empire State Building, la Statue de la Libert\u00e9 et, bien s\u00fbr, le si\u00e8ge des Nations Unies.<\/h5>\n<p><a href=\"http:\/\/asdaamaghribia.ma\/fr\/wp-content\/uploads\/2025\/04\/0005.jpg\"><img loading=\"lazy\" decoding=\"async\" class=\"aligncenter size-full wp-image-11764\" src=\"http:\/\/asdaamaghribia.ma\/fr\/wp-content\/uploads\/2025\/04\/0005.jpg\" alt=\"\" width=\"1600\" height=\"1200\" srcset=\"https:\/\/asdaamaghribia.ma\/fr\/wp-content\/uploads\/2025\/04\/0005.jpg 1600w, https:\/\/asdaamaghribia.ma\/fr\/wp-content\/uploads\/2025\/04\/0005-300x225.jpg 300w, https:\/\/asdaamaghribia.ma\/fr\/wp-content\/uploads\/2025\/04\/0005-1024x768.jpg 1024w, https:\/\/asdaamaghribia.ma\/fr\/wp-content\/uploads\/2025\/04\/0005-768x576.jpg 768w, https:\/\/asdaamaghribia.ma\/fr\/wp-content\/uploads\/2025\/04\/0005-1536x1152.jpg 1536w, https:\/\/asdaamaghribia.ma\/fr\/wp-content\/uploads\/2025\/04\/0005-86x64.jpg 86w\" sizes=\"auto, (max-width: 1600px) 100vw, 1600px\" \/><\/a><\/p>\n<h5><span style=\"color: #ff0000;\"><strong>D\u00e9fil\u00e9 de fiert\u00e9 en habits traditionnels marocains <\/strong><\/span><\/h5>\n<h5>Imaginez une marche \u00e0 travers les lumi\u00e8res \u00e9clatantes de Times Square, v\u00eatus de somptueuses tenues marocaines \u2013 takchitas, caftans et habits traditionnels masculins. Les passants, fascin\u00e9s, s\u2019arr\u00eataient pour nous admirer, nous questionner sur notre origine, et s\u2019\u00e9merveiller devant notre culture. Ce n\u2019\u00e9tait pas simplement un d\u00e9fil\u00e9 ; c\u2019\u00e9tait un hommage vivant \u00e0 des si\u00e8cles d\u2019histoire, une d\u00e9claration d\u2019appartenance et de fiert\u00e9.<\/h5>\n<p><a href=\"http:\/\/asdaamaghribia.ma\/fr\/wp-content\/uploads\/2025\/04\/0002.jpg\"><img loading=\"lazy\" decoding=\"async\" class=\"aligncenter size-full wp-image-11765\" src=\"http:\/\/asdaamaghribia.ma\/fr\/wp-content\/uploads\/2025\/04\/0002.jpg\" alt=\"\" width=\"1440\" height=\"1080\" srcset=\"https:\/\/asdaamaghribia.ma\/fr\/wp-content\/uploads\/2025\/04\/0002.jpg 1440w, https:\/\/asdaamaghribia.ma\/fr\/wp-content\/uploads\/2025\/04\/0002-300x225.jpg 300w, https:\/\/asdaamaghribia.ma\/fr\/wp-content\/uploads\/2025\/04\/0002-1024x768.jpg 1024w, https:\/\/asdaamaghribia.ma\/fr\/wp-content\/uploads\/2025\/04\/0002-768x576.jpg 768w, https:\/\/asdaamaghribia.ma\/fr\/wp-content\/uploads\/2025\/04\/0002-86x64.jpg 86w\" sizes=\"auto, (max-width: 1440px) 100vw, 1440px\" \/><\/a><\/p>\n<h5><span style=\"color: #ff0000;\"><strong>Tisser des ponts entre les cultures <\/strong><\/span><\/h5>\n<h5>Durant ce voyage, j\u2019ai tiss\u00e9 des liens d\u2019amiti\u00e9 avec de futurs jeunes ambassadeurs venus d\u2019Italie, d\u2019Inde, d\u2019Ukraine, de Pologne, du Nigeria et de bien d\u2019autres pays.Tous ont \u00e9t\u00e9 captiv\u00e9s par notre culture, notre langue, et notre polyvalence linguistique. Ce qui m\u2019a le plus touch\u00e9e, c\u2019\u00e9tait leur admiration pour notre r\u00e9silience, nos valeurs et notre volont\u00e9 farouche d\u2019apporter le changement. La diplomatie, ai-je compris, n\u2019est pas seulement la politique, c\u2019est l\u2019humain, l\u2019\u00e9coute, la connexion.<\/h5>\n<h5><span style=\"color: #ff0000;\"><strong>D\u2019un r\u00eave \u00e0 la r\u00e9alit\u00e9 : sur les traces des Diplomates<\/strong><\/span><\/h5>\n<p><a href=\"http:\/\/asdaamaghribia.ma\/fr\/wp-content\/uploads\/2025\/04\/07.jpg\"><img loading=\"lazy\" decoding=\"async\" class=\"aligncenter size-full wp-image-11766\" src=\"http:\/\/asdaamaghribia.ma\/fr\/wp-content\/uploads\/2025\/04\/07.jpg\" alt=\"\" width=\"1440\" height=\"1080\" srcset=\"https:\/\/asdaamaghribia.ma\/fr\/wp-content\/uploads\/2025\/04\/07.jpg 1440w, https:\/\/asdaamaghribia.ma\/fr\/wp-content\/uploads\/2025\/04\/07-300x225.jpg 300w, https:\/\/asdaamaghribia.ma\/fr\/wp-content\/uploads\/2025\/04\/07-1024x768.jpg 1024w, https:\/\/asdaamaghribia.ma\/fr\/wp-content\/uploads\/2025\/04\/07-768x576.jpg 768w, https:\/\/asdaamaghribia.ma\/fr\/wp-content\/uploads\/2025\/04\/07-86x64.jpg 86w\" sizes=\"auto, (max-width: 1440px) 100vw, 1440px\" \/><\/a><\/p>\n<h5>Ce n\u2019\u00e9tait plus un r\u00eave. Debout au coeur de l\u2019ONU, dans la salle de l\u2019Assembl\u00e9e G\u00e9n\u00e9rale o\u00f9 ont pris la parole les plus grands leaders \u2013 y compris notre Roi Mohammed VI \u2013 mon coeur battait \u00e0 l\u2019unisson avec l\u2019histoire. Le mur vert, symbole d\u2019espoir et de diplomatie, n\u2019\u00e9tait plus un simple d\u00e9cor. Il est devenu une extension de moi-m\u00eame. C\u2019est ici que le monde fa\u00e7onne son avenir. Et moi, j\u2019\u00e9tais l\u00e0. Pr\u00e9sente. Engag\u00e9e.<\/h5>\n<h5><span style=\"color: #ff0000;\"><strong>Les forces discr\u00e8tes derri\u00e8re l\u2019\u00e9pop\u00e9e<\/strong><\/span><\/h5>\n<p><a href=\"http:\/\/asdaamaghribia.ma\/fr\/wp-content\/uploads\/2025\/04\/\u0647\u062c\u0631.jpg\"><img loading=\"lazy\" decoding=\"async\" class=\"wp-image-11767 size-medium alignnone\" src=\"http:\/\/asdaamaghribia.ma\/fr\/wp-content\/uploads\/2025\/04\/\u0647\u062c\u0631-225x300.jpg\" alt=\"\" width=\"225\" height=\"300\" srcset=\"https:\/\/asdaamaghribia.ma\/fr\/wp-content\/uploads\/2025\/04\/\u0647\u062c\u0631-225x300.jpg 225w, https:\/\/asdaamaghribia.ma\/fr\/wp-content\/uploads\/2025\/04\/\u0647\u062c\u0631-768x1024.jpg 768w, https:\/\/asdaamaghribia.ma\/fr\/wp-content\/uploads\/2025\/04\/\u0647\u062c\u0631-1152x1536.jpg 1152w, https:\/\/asdaamaghribia.ma\/fr\/wp-content\/uploads\/2025\/04\/\u0647\u062c\u0631.jpg 1200w\" sizes=\"auto, (max-width: 225px) 100vw, 225px\" \/><\/a><\/p>\n<h5>Rien de tout cela n\u2019aurait \u00e9t\u00e9 possible sans la vision \u00e9clair\u00e9e et le leadership de Madame Hajar Askour. Plus qu\u2019une Responsable, elle fut notre \u00e9toile du nord. Ses efforts inlassables, ses nuits blanches, son attention \u00e0 notre bien-\u00eatre, \u00e9taient les gestes d\u2019une femme de coeur et de mission. Merci infiniment, Madame Hajar, pour votre confiance et votre amour sinc\u00e8re. Vous avez \u00e9t\u00e9 l\u2019architecte silencieuse de nos souvenirs les plus pr\u00e9cieux.<\/h5>\n<h5>Ma gratitude va \u00e9galement \u00e0 Monsieur Mohamed Askour, dont les actions, souvent discr\u00e8tes mais \u00f4 combien essentielles, ont laiss\u00e9 une empreinte ind\u00e9l\u00e9bile. Son soutien calme et constant fut la force tranquille de notre r\u00e9ussite collective.<\/h5>\n<h5>Nous avons eu la chance de rencontrer des figures marquantes : Monsieur Achiri, Secr\u00e9taire G\u00e9n\u00e9rale de la commission \u00e9conomie et investissement de l\u2019Organisation Mondiale de la Diplomatie Parall\u00e8le ; Monsieur Belktibia, Pr\u00e9sident de cette m\u00eame organisation ; et Monsieur Mohammed Said Benryane, PDG de XLNC International Consulting et ancien ambassadeur du Maroc. Leurs parcours inspirants nous ont prouv\u00e9 que le Maroc a d\u00e9j\u00e0 marqu\u00e9, et continuera de marquer, la sc\u00e8ne mondiale.<\/h5>\n<h5>Notre \u00e9change avec le Dr. Mounir Boukaa, coach spirituel et entrepreneur, fut tout aussi enrichissant. Gr\u00e2ce \u00e0 ses s\u00e9ances, nous avons surmont\u00e9 nos peurs \u2013 notamment celle de parler en public. Sa bienveillance nous a permis de prendre la parole avec assurance devant une audience internationale.<\/h5>\n<h5>R\u00e9flexion finale \u2013 Un \u00e9cho du coeur Le Model United Nations n\u2019est pas qu\u2019un \u00e9v\u00e9nement. C\u2019est un tremplin, une \u00e9cole de vie. Il vous apprend la diplomatie, oui, mais aussi la r\u00e9silience, la dignit\u00e9 et la foi. \u00c0 vous qui me lisez, souvenez-vous : en vous r\u00e9side une lumi\u00e8re capable de changer le monde. Croyez en vous, avancez avec fiert\u00e9, et sachez que vos racines, votre h\u00e9ritage, votre culture sont vos plus grandes forces.<\/h5>\n<h5><span style=\"color: #ff0000;\"><strong>\u201c New York \u00e9tait un r\u00eave, mais le Maroc demeure mon ancrage, <\/strong><\/span><\/h5>\n<h5><span style=\"color: #ff0000;\"><strong>et cet ancrage ne faiblira jamais!\u201d<\/strong><\/span><\/h5>\n<h5 style=\"text-align: right;\"><span style=\"color: #ff6600;\">* El\u00e8ve 1 \u00e8re ann\u00e9e Bac Sciences Maths<\/span><br \/>\n<span style=\"color: #ff6600;\">Groupe scolaire Ibnou\u00a0Arabi\u00a0Titmellil<\/span><\/h5>\n","protected":false},"excerpt":{"rendered":"<p>Par : Hiba Akouayri* J&rsquo;ai grandi berc\u00e9e par les paroles de mon p\u00e8re : \u00ab Tu as la prestance d\u2019un ministre, d\u2019un leader \u2013 quelqu\u2019un destin\u00e9 \u00e0 laisser une empreinte. \u00bb Ma m\u00e8re, soutien ind\u00e9fectible de mon ambition, a cultiv\u00e9 en moi la conviction que je pouvais \u00eatre une source d\u2019inspiration et d\u2019impact. Mais la [&hellip;]<\/p>\n","protected":false},"author":1,"featured_media":11768,"comment_status":"open","ping_status":"open","sticky":false,"template":"","format":"standard","meta":{"footnotes":""},"categories":[17,11,21,27],"tags":[],"class_list":["post-11762","post","type-post","status-publish","format-standard","has-post-thumbnail","hentry","category-24-24","category-actualites","category-femme","category-journalisme-citoyen"],"_links":{"self":[{"href":"https:\/\/asdaamaghribia.ma\/fr\/wp-json\/wp\/v2\/posts\/11762","targetHints":{"allow":["GET"]}}],"collection":[{"href":"https:\/\/asdaamaghribia.ma\/fr\/wp-json\/wp\/v2\/posts"}],"about":[{"href":"https:\/\/asdaamaghribia.ma\/fr\/wp-json\/wp\/v2\/types\/post"}],"author":[{"embeddable":true,"href":"https:\/\/asdaamaghribia.ma\/fr\/wp-json\/wp\/v2\/users\/1"}],"replies":[{"embeddable":true,"href":"https:\/\/asdaamaghribia.ma\/fr\/wp-json\/wp\/v2\/comments?post=11762"}],"version-history":[{"count":1,"href":"https:\/\/asdaamaghribia.ma\/fr\/wp-json\/wp\/v2\/posts\/11762\/revisions"}],"predecessor-version":[{"id":11769,"href":"https:\/\/asdaamaghribia.ma\/fr\/wp-json\/wp\/v2\/posts\/11762\/revisions\/11769"}],"wp:featuredmedia":[{"embeddable":true,"href":"https:\/\/asdaamaghribia.ma\/fr\/wp-json\/wp\/v2\/media\/11768"}],"wp:attachment":[{"href":"https:\/\/asdaamaghribia.ma\/fr\/wp-json\/wp\/v2\/media?parent=11762"}],"wp:term":[{"taxonomy":"category","embeddable":true,"href":"https:\/\/asdaamaghribia.ma\/fr\/wp-json\/wp\/v2\/categories?post=11762"},{"taxonomy":"post_tag","embeddable":true,"href":"https:\/\/asdaamaghribia.ma\/fr\/wp-json\/wp\/v2\/tags?post=11762"}],"curies":[{"name":"wp","href":"https:\/\/api.w.org\/{rel}","templated":true}]}}