{"id":11757,"date":"2025-04-10T21:28:22","date_gmt":"2025-04-10T21:28:22","guid":{"rendered":"https:\/\/asdaamaghribia.ma\/fr\/?p=11757"},"modified":"2025-04-10T21:37:36","modified_gmt":"2025-04-10T21:37:36","slug":"andre-azoulay-quand-la-patrie-est-insultee-a-travers-lun-de-ses-nobles-fils","status":"publish","type":"post","link":"https:\/\/asdaamaghribia.ma\/fr\/actualites\/11757\/","title":{"rendered":"Andr\u00e9 Azoulay\u2026 Quand la patrie est insult\u00e9e \u00e0 travers l\u2019un de ses nobles fils"},"content":{"rendered":"<h6><\/h6>\n<h6><strong>En cette \u00e9poque o\u00f9 les cris se confondent avec la conscience, et o\u00f9 la boussole se perd entre les surench\u00e8res identitaires et les pr\u00e9tentions au patriotisme, le silence devient trahison, et la d\u00e9fense de la v\u00e9rit\u00e9 un devoir urgent. Ce qui s\u2019est produit lors de la marche de Rabat, avec l\u2019attaque honteuse contre le Conseiller royal Andr\u00e9 Azoulay, n\u2019\u00e9tait pas simplement une chute morale, mais une gifle port\u00e9e \u00e0 la m\u00e9moire nationale et une insulte \u00e0 l\u2019un des fils de ce pays qui n\u2019a jamais marchand\u00e9 son amour pour lui.<\/strong><br \/>\n<strong>Andr\u00e9 Azoulay n\u2019est pas un simple nom au sein de l\u2019institution \u00e9tatique, il est l\u2019incarnation de ce Maroc profond, pluriel, patient et noble. Amazigh par ses racines, juif par sa foi, et marocain sans fronti\u00e8res.<\/strong><br \/>\n<strong>Il a v\u00e9cu la patrie dans son c\u0153ur et non dans ses discours, choisissant de la servir dans les moments les plus difficiles, lorsque le silence \u00e9tait synonyme de s\u00e9curit\u00e9 et que le risque incarnait le vrai patriotisme.<\/strong><br \/>\n<strong>N\u00e9 dans une famille juive d\u2019Essaouira ayant activement particip\u00e9 \u00e0 la r\u00e9sistance contre le colonialisme, son p\u00e8re fut exil\u00e9 pour son engagement national. Andr\u00e9 a grandi dans l\u2019ombre du combat, non dans le luxe des privil\u00e8ges. Il s\u2019est engag\u00e9 dans la vie politique, a go\u00fbt\u00e9 \u00e0 la prison, puis est entr\u00e9 dans l\u2019appareil \u00e9tatique par la voie de l\u2019\u00e9conomie, non par qu\u00eate de prestige, portant avec lui un r\u00e9seau de relations internationales qu\u2019il n\u2019a jamais utilis\u00e9 \u00e0 des fins personnelles, mais mis au service du Maroc.<\/strong><br \/>\n<strong>Alors qu\u2019il aurait pu vivre parmi les tours de verre de Paris ou de New York, il a choisi de rester sur la terre du Maroc, fid\u00e8le fils de cette nation. Il n\u2019a pas besoin de certificat de patriotisme : son histoire parle pour lui, son parcours t\u00e9moigne, et le Maroc le conna\u00eet.<\/strong><br \/>\n<strong>Porter atteinte \u00e0 Andr\u00e9 Azoulay, ce n\u2019est pas seulement blesser un homme, c\u2019est poignarder le c\u0153ur d\u2019un Maroc du vivre-ensemble et de la diversit\u00e9.<\/strong><br \/>\n<strong>Ceux qui l\u2019attaquent ne comprennent pas l\u2019\u00e2me de ce pays, n\u2019acceptent pas ses racines multiples, et ne m\u00e9ritent pas de parler en son nom.<\/strong><br \/>\n<strong>D\u00e9fendre Andr\u00e9 Azoulay, c\u2019est d\u00e9fendre un Maroc que nous voulons plus grand que la haine, plus profond que les slogans, et plus fort que les vents qui cherchent \u00e0 d\u00e9raciner ses fondements.<\/strong><br \/>\n<strong>Andr\u00e9 Azoulay est marocain jusqu\u2019\u00e0 la moelle, un homme qui ne cherche pas les premi\u00e8res lignes par les mots, mais qui construit en silence. Et tous ceux qui connaissent la valeur des hommes savent qu\u2019Azoulay n\u2019est pas oubli\u00e9 par l\u2019Histoire\u2026 il contribue \u00e0 l\u2019\u00e9crire.<\/strong><br \/>\n<strong>Andr\u00e9 Azoulay, un patriote amazigh\u00a0 riche de son histoire, fier de sa m\u00e9moire, de sa marocanit\u00e9.<\/strong><\/h6>\n<pre><strong>Par Mr : Lhoussain Chahraoui<\/strong>\r\n<strong>Pr\u00e9sident du bureau r\u00e9gional de l\u2019Organisation Internationale de la Diplomatie parall\u00e8le, des M\u00e9dias et de la Tol\u00e9rance \u00e0 Marrakech<\/strong>\r\n\r\n<strong>Jeudi 10 avril 2025<\/strong><\/pre>\n","protected":false},"excerpt":{"rendered":"<p>En cette \u00e9poque o\u00f9 les cris se confondent avec la conscience, et o\u00f9 la boussole se perd entre les surench\u00e8res identitaires et les pr\u00e9tentions au patriotisme, le silence devient trahison, et la d\u00e9fense de la v\u00e9rit\u00e9 un devoir urgent. Ce qui s\u2019est produit lors de la marche de Rabat, avec l\u2019attaque honteuse contre le Conseiller [&hellip;]<\/p>\n","protected":false},"author":1,"featured_media":11758,"comment_status":"open","ping_status":"open","sticky":false,"template":"","format":"standard","meta":{"footnotes":""},"categories":[17,11,12,24],"tags":[],"class_list":["post-11757","post","type-post","status-publish","format-standard","has-post-thumbnail","hentry","category-24-24","category-actualites","category-la-une","category-personnalites-distinguees"],"_links":{"self":[{"href":"https:\/\/asdaamaghribia.ma\/fr\/wp-json\/wp\/v2\/posts\/11757","targetHints":{"allow":["GET"]}}],"collection":[{"href":"https:\/\/asdaamaghribia.ma\/fr\/wp-json\/wp\/v2\/posts"}],"about":[{"href":"https:\/\/asdaamaghribia.ma\/fr\/wp-json\/wp\/v2\/types\/post"}],"author":[{"embeddable":true,"href":"https:\/\/asdaamaghribia.ma\/fr\/wp-json\/wp\/v2\/users\/1"}],"replies":[{"embeddable":true,"href":"https:\/\/asdaamaghribia.ma\/fr\/wp-json\/wp\/v2\/comments?post=11757"}],"version-history":[{"count":3,"href":"https:\/\/asdaamaghribia.ma\/fr\/wp-json\/wp\/v2\/posts\/11757\/revisions"}],"predecessor-version":[{"id":11761,"href":"https:\/\/asdaamaghribia.ma\/fr\/wp-json\/wp\/v2\/posts\/11757\/revisions\/11761"}],"wp:featuredmedia":[{"embeddable":true,"href":"https:\/\/asdaamaghribia.ma\/fr\/wp-json\/wp\/v2\/media\/11758"}],"wp:attachment":[{"href":"https:\/\/asdaamaghribia.ma\/fr\/wp-json\/wp\/v2\/media?parent=11757"}],"wp:term":[{"taxonomy":"category","embeddable":true,"href":"https:\/\/asdaamaghribia.ma\/fr\/wp-json\/wp\/v2\/categories?post=11757"},{"taxonomy":"post_tag","embeddable":true,"href":"https:\/\/asdaamaghribia.ma\/fr\/wp-json\/wp\/v2\/tags?post=11757"}],"curies":[{"name":"wp","href":"https:\/\/api.w.org\/{rel}","templated":true}]}}