{"id":11727,"date":"2024-10-29T15:02:42","date_gmt":"2024-10-29T15:02:42","guid":{"rendered":"https:\/\/asdaamaghribia.ma\/fr\/?p=11727"},"modified":"2024-10-29T15:03:32","modified_gmt":"2024-10-29T15:03:32","slug":"emmanuel-macron-reaffirme-a-rabat-le-soutien-a-la-souverainete-marocaine-sur-sahara","status":"publish","type":"post","link":"https:\/\/asdaamaghribia.ma\/fr\/uncategorized\/11727\/","title":{"rendered":"Emmanuel Macron r\u00e9affirme \u00e0 Rabat le soutien \u00e0 la \u00ab\u00a0souverainet\u00e9 marocaine\u00a0\u00bb sur son Sahara"},"content":{"rendered":"<h5><strong>\u00a0Depuis Son accession au Tr\u00f4ne il y a plus de 25 ans, Sa Majest\u00e9 le Roi Mohammed VI incarne \u201cla continuit\u00e9 de l\u2019une des plus anciennes dynasties du monde et l\u2019un des visages de la modernit\u00e9 industrielle et technologique\u201d, a d\u00e9clar\u00e9 S.E.M Emmanuel Macron, Pr\u00e9sident de la R\u00e9publique fran\u00e7aise, dans un discours prononc\u00e9, mardi, devant les deux Chambres du Parlement.<\/strong><\/h5>\n<h5><strong>\u201c25 ans sont pass\u00e9s depuis que Sa Majest\u00e9 est devenu le Souverain du Royaume du Maroc, incarnant la continuit\u00e9 de l\u2019une des plus anciennes dynasties du monde et l\u2019un des visages de la modernit\u00e9 industrielle et technologique\u201d, a soulign\u00e9 le Pr\u00e9sident fran\u00e7ais, dans ce discours devant les membres des deux Chambres du Parlement, r\u00e9unis dans le cadre d\u2019une s\u00e9ance conjointe.<\/strong><\/h5>\n<h5><strong>Parmi les plus anciennes monarchies du monde, a-t-il poursuivi, le Royaume du Maroc \u201cavance avec confiance, cette confiance qu\u2019il a en lui-m\u00eame et qu\u2019il porte en son Roi, la conscience que lui donne sa longue histoire et l\u2019\u00e9nergie d\u2019une jeunesse nombreuse, pleinement d\u00e9sireuse d\u2019accompagner son \u00e9mergence\u201d.<\/strong><\/h5>\n<h5><strong>Il a \u00e9galement soulign\u00e9 que l\u2019Islam de tol\u00e9rance promu par Sa Majest\u00e9 le Roi, Commandeur des croyants, \u201cforme un d\u00e9fi \u00e0 toute forme d\u2019extr\u00e9misme\u201d. \u201cCette richesse du Maroc est encore plus pr\u00e9cieuse et digne de respect \u00e0 l\u2019heure o\u00f9 notre monde est d\u00e9chir\u00e9 par l\u2019intol\u00e9rance et par la guerre\u201d, a-t-il dit.<\/strong><\/h5>\n<h5><strong>\u201cFace \u00e0 nous, pour le prochain quart de si\u00e8cle, se dessinent tous les enjeux et tous les possibles\u201d, a estim\u00e9 le Pr\u00e9sident fran\u00e7ais, au lendemain de la signature de la D\u00e9claration relative au \u201cPartenariat d\u2019exception renforc\u00e9\u201d entre le Royaume du Maroc et la R\u00e9publique fran\u00e7aise.<\/strong><\/h5>\n<p><a href=\"http:\/\/asdaamaghribia.ma\/fr\/wp-content\/uploads\/2024\/10\/macron.webp\"><img loading=\"lazy\" decoding=\"async\" class=\"aligncenter size-full wp-image-11729\" src=\"http:\/\/asdaamaghribia.ma\/fr\/wp-content\/uploads\/2024\/10\/macron.webp\" alt=\"\" width=\"508\" height=\"300\" srcset=\"https:\/\/asdaamaghribia.ma\/fr\/wp-content\/uploads\/2024\/10\/macron.webp 508w, https:\/\/asdaamaghribia.ma\/fr\/wp-content\/uploads\/2024\/10\/macron-300x177.webp 300w, https:\/\/asdaamaghribia.ma\/fr\/wp-content\/uploads\/2024\/10\/macron-357x210.webp 357w\" sizes=\"auto, (max-width: 508px) 100vw, 508px\" \/><\/a><\/p>\n<h5><strong>Cette D\u00e9claration, sign\u00e9e par Sa Majest\u00e9 le Roi Mohammed VI et le Pr\u00e9sident Macron, devra permettre aux deux pays de mieux r\u00e9pondre \u00e0 l\u2019ensemble des d\u00e9fis auxquels tous deux sont confront\u00e9s, en mobilisant tous les secteurs pertinents de la coop\u00e9ration bilat\u00e9rale, r\u00e9gionale et internationale.<\/strong><\/h5>\n<h5><strong>A cet \u00e9gard, le Pr\u00e9sident Macron a affirm\u00e9, dans son discours, que la \u201cvision \u00e9clair\u00e9e\u201d de Sa Majest\u00e9 le Roi Mohammed VI, les r\u00e9alisations des 25 premi\u00e8res ann\u00e9es de son r\u00e8gne, sont \u201cune invitation \u00e0 nous tourner vers l\u2019avenir\u201d.<\/strong><\/h5>\n<h5><strong>\u201cC\u2019est, vous l\u2019avez compris, ce qu\u2019\u00e0 vos c\u00f4t\u00e9s et avec vous, je suis venu faire\u201d, a dit M. Macron \u00e0 l\u2019adresse des membres des deux Chambres du Parlement.<\/strong><\/h5>\n<h5><strong>\u201cPuisse cette visite d\u2019Etat marquer l\u2019ouverture de ce nouveau livre dans notre longue histoire partag\u00e9e, qui permettra \u00e0 nos deux nations d\u2019avancer avec d\u00e9termination dans ce si\u00e8cle incertain, mais qui a besoin de la richesse de notre amiti\u00e9\u201d, a plaid\u00e9 M. Macron, qui effectue du 28 au 30 octobre une visite d\u2019Etat dans le Royaume \u00e0 l\u2019invitation de SM le Roi.<\/strong><\/h5>\n<h5><strong>\u201cVous \u00eates \u00e9galement les repr\u00e9sentants d\u2019un peuple qui a \u00e9rig\u00e9, par la volont\u00e9 de son Souverain, la diversit\u00e9, le dialogue, la tol\u00e9rance, au c\u0153ur de son identit\u00e9, de ses institutions, de sa constitution\u201d, a encore dit M. Macron devant les repr\u00e9sentants de la Nation.<\/strong><\/h5>\n","protected":false},"excerpt":{"rendered":"<p>\u00a0Depuis Son accession au Tr\u00f4ne il y a plus de 25 ans, Sa Majest\u00e9 le Roi Mohammed VI incarne \u201cla continuit\u00e9 de l\u2019une des plus anciennes dynasties du monde et l\u2019un des visages de la modernit\u00e9 industrielle et technologique\u201d, a d\u00e9clar\u00e9 S.E.M Emmanuel Macron, Pr\u00e9sident de la R\u00e9publique fran\u00e7aise, dans un discours prononc\u00e9, mardi, devant [&hellip;]<\/p>\n","protected":false},"author":1,"featured_media":11728,"comment_status":"open","ping_status":"open","sticky":false,"template":"","format":"standard","meta":{"footnotes":""},"categories":[17,11,23,3,1],"tags":[],"class_list":["post-11727","post","type-post","status-publish","format-standard","has-post-thumbnail","hentry","category-24-24","category-actualites","category-grands-dossiers","category-politique","category-uncategorized"],"_links":{"self":[{"href":"https:\/\/asdaamaghribia.ma\/fr\/wp-json\/wp\/v2\/posts\/11727","targetHints":{"allow":["GET"]}}],"collection":[{"href":"https:\/\/asdaamaghribia.ma\/fr\/wp-json\/wp\/v2\/posts"}],"about":[{"href":"https:\/\/asdaamaghribia.ma\/fr\/wp-json\/wp\/v2\/types\/post"}],"author":[{"embeddable":true,"href":"https:\/\/asdaamaghribia.ma\/fr\/wp-json\/wp\/v2\/users\/1"}],"replies":[{"embeddable":true,"href":"https:\/\/asdaamaghribia.ma\/fr\/wp-json\/wp\/v2\/comments?post=11727"}],"version-history":[{"count":2,"href":"https:\/\/asdaamaghribia.ma\/fr\/wp-json\/wp\/v2\/posts\/11727\/revisions"}],"predecessor-version":[{"id":11731,"href":"https:\/\/asdaamaghribia.ma\/fr\/wp-json\/wp\/v2\/posts\/11727\/revisions\/11731"}],"wp:featuredmedia":[{"embeddable":true,"href":"https:\/\/asdaamaghribia.ma\/fr\/wp-json\/wp\/v2\/media\/11728"}],"wp:attachment":[{"href":"https:\/\/asdaamaghribia.ma\/fr\/wp-json\/wp\/v2\/media?parent=11727"}],"wp:term":[{"taxonomy":"category","embeddable":true,"href":"https:\/\/asdaamaghribia.ma\/fr\/wp-json\/wp\/v2\/categories?post=11727"},{"taxonomy":"post_tag","embeddable":true,"href":"https:\/\/asdaamaghribia.ma\/fr\/wp-json\/wp\/v2\/tags?post=11727"}],"curies":[{"name":"wp","href":"https:\/\/api.w.org\/{rel}","templated":true}]}}