{"id":11703,"date":"2024-10-29T10:56:50","date_gmt":"2024-10-29T10:56:50","guid":{"rendered":"https:\/\/asdaamaghribia.ma\/fr\/?p=11703"},"modified":"2024-10-29T14:32:57","modified_gmt":"2024-10-29T14:32:57","slug":"arrivee-au-maroc-du-president-francais-pour-une-visite-detat-au-royaume-a-linvitation-de-sa-majeste-le-roi","status":"publish","type":"post","link":"https:\/\/asdaamaghribia.ma\/fr\/politique\/11703\/","title":{"rendered":"Arriv\u00e9e au Maroc du Pr\u00e9sident fran\u00e7ais pour une visite d&rsquo;Etat au Royaume \u00e0 l&rsquo;invitation de Sa Majest\u00e9 le Roi"},"content":{"rendered":"<h5 class=\"node-tpl-ville-accroche\"><strong><span style=\"color: #ff0000;\">Asdae maghribia\/Map<\/span><\/strong><\/h5>\n<h5><\/h5>\n<h5 class=\"node-tpl-ville-accroche\"><strong> Le Pr\u00e9sident de la R\u00e9publique Fran\u00e7aise, S.E.M. Emmanuel Macron, et son \u00e9pouse Mme Brigitte Macron sont arriv\u00e9s, lundi en fin d&rsquo;apr\u00e8s-midi \u00e0 Rabat, pour une visite d&rsquo;Etat au Royaume du Maroc, \u00e0 l&rsquo;invitation de Sa Majest\u00e9 le Roi Mohammed VI.<\/strong><\/h5>\n<div class=\"node-wrapper-img-corps\">\n<div class=\"node-tpl-corps\">\n<h5><strong>A leur arriv\u00e9e \u00e0 l&rsquo;a\u00e9roport de Rabat-Sal\u00e9, le Chef de l&rsquo;Etat fran\u00e7ais et Mme Brigitte Macron ont \u00e9t\u00e9 accueillis par Sa Majest\u00e9 le Roi Mohammed VI, que Dieu L&rsquo;assiste, qui \u00e9tait accompagn\u00e9 de SAR le Prince H\u00e9ritier Moulay El Hassan, de SAR le Prince Moulay Rachid et de LL.AA.RR les Princesses Lalla Khadija et Lalla Meryem.<\/strong><\/h5>\n<h5><strong>SM le Roi, accompagn\u00e9 de SAR le Prince H\u00e9ritier Moulay El Hassan et de SAR le Prince Moulay Rachid, et Son illustre h\u00f4te ont gagn\u00e9 la tribune d&rsquo;honneur pour saluer les couleurs nationales au son des hymnes nationaux des deux pays, alors qu&rsquo;une salve de 21 coups de canon retentissait en signe de bienvenue au Pr\u00e9sident fran\u00e7ais.<\/strong><\/h5>\n<h5><strong>SM le Roi, accompagn\u00e9 de SAR le Prince H\u00e9ritier Moulay El Hassan et de SAR le Prince Moulay Rachid, et le Chef de l&rsquo;Etat fran\u00e7ais ont, par la suite, pass\u00e9 en revue un d\u00e9tachement de la Garde Royale qui rendait les honneurs.<\/strong><\/h5>\n<h5><strong>A l&rsquo;entr\u00e9e du Salon Royal de l&rsquo;a\u00e9roport de Rabat-Sal\u00e9, le Chef de l&rsquo;Etat fran\u00e7ais et Mme Brigitte Macron ont \u00e9t\u00e9 convi\u00e9s \u00e0 la traditionnelle c\u00e9r\u00e9monie d&rsquo;offrande de lait et de dattes.<\/strong><\/h5>\n<h5><strong>Apr\u00e8s une br\u00e8ve pause, le cort\u00e8ge des deux Chefs d&rsquo;Etat s&rsquo;est dirig\u00e9 vers le Palais Royal de Rabat. Les habitants des villes de Sal\u00e9 et de Rabat se sont mass\u00e9s tout au long de l\u2019itin\u00e9raire emprunt\u00e9 par le cort\u00e8ge officiel pour exprimer leur joie en ce premier jour de cette visite d&rsquo;Etat qui ne manquera pas d\u2019ajouter un nouveau jalon \u00e0 l\u2019\u00e9difice des relations s\u00e9culaires d\u2019amiti\u00e9 unissant les deux pays et les deux peuples.<\/strong><\/h5>\n<h5><strong>Les principales art\u00e8res emprunt\u00e9es par le Cort\u00e8ge Royal ont \u00e9t\u00e9 pavois\u00e9es de drapeaux marocains et fran\u00e7ais.<\/strong><\/h5>\n<h5><strong>Dans un grand geste de communion et de spontan\u00e9it\u00e9, SM le Roi a bien voulu arr\u00eater le cort\u00e8ge pour se pr\u00eater, avec le Pr\u00e9sident fran\u00e7ais, \u00e0 un bain de foule sous les vivats des citoyens en liesse.<\/strong><\/h5>\n<h5><strong>Arriv\u00e9 \u00e0 la porte \u00ab\u00a0Bab Assoufara\u00a0\u00bb, le cort\u00e8ge de SM le Roi et de Son illustre h\u00f4te a \u00e9t\u00e9 escort\u00e9 par la fanfare et la cavalerie de la Garde Royale jusqu&rsquo;\u00e0 la Place du M\u00e9chouar du Palais Royal.<\/strong><\/h5>\n<h5><strong>Cette troupe de la Garde Royale, qui escorte le cort\u00e8ge de SM le Roi lorsque le Souverain accueille des h\u00f4tes de marque, a conf\u00e9r\u00e9 un caract\u00e8re distingu\u00e9 \u00e0 cette c\u00e9r\u00e9monie officielle et populaire r\u00e9serv\u00e9e au Pr\u00e9sident fran\u00e7ais dans la capitale du Royaume, \u00e0 la mesure des liens profonds unissant le Maroc et la France.<\/strong><\/h5>\n<h5><strong>A la Place du M\u00e9chouar, le Pr\u00e9sident fran\u00e7ais Emmanuel Macron a \u00e9t\u00e9 salu\u00e9 par le Chef du gouvernement, les pr\u00e9sidents des deux Chambres du Parlement, les Conseillers de SM le Roi, le Pr\u00e9sident d\u00e9l\u00e9gu\u00e9 du Conseil sup\u00e9rieur du pouvoir judiciaire, Premier-Pr\u00e9sident de la Cour de Cassation, le procureur g\u00e9n\u00e9ral du Roi pr\u00e8s la Cour de Cassation, pr\u00e9sident du minist\u00e8re public, les membres du gouvernement, le Haut-Commissaire au Plan, le Haut-Commissaire aux Anciens R\u00e9sistants et Anciens membres de l&rsquo;Arm\u00e9e de Lib\u00e9ration, le pr\u00e9sident de la Cour Constitutionnelle, la pr\u00e9sidente de la Cour des Comptes, le Pr\u00e9sident du Conseil \u00e9conomique, social et environnemental, le secr\u00e9taire g\u00e9n\u00e9ral du Conseil sup\u00e9rieur des Oul\u00e9mas, le Pr\u00e9sident du Conseil sup\u00e9rieur de l\u2019\u00e9ducation, de la formation et de la recherche scientifique, la pr\u00e9sidente du Conseil national des droits de l&rsquo;Homme, le M\u00e9diateur du Royaume, la pr\u00e9sidente de la Haute autorit\u00e9 de la communication audiovisuelle, le pr\u00e9sident du Conseil de la Concurrence, le pr\u00e9sident de l\u2019Instance Nationale de la Probit\u00e9, de la Pr\u00e9vention et de la Lutte contre la Corruption, le pr\u00e9sident du Conseil Royal consultatif pour les affaires sahariennes et le chambellan de SM le Roi.<\/strong><\/h5>\n<h5><strong>Le Chef de l&rsquo;Etat fran\u00e7ais a \u00e9galement \u00e9t\u00e9 salu\u00e9 par le directeur de la Cour Royale, les charg\u00e9s de mission au Cabinet Royal, le doyen du corps diplomatique accr\u00e9dit\u00e9 au Maroc, les chefs des missions diplomatiques europ\u00e9ennes accr\u00e9dit\u00e9s au Maroc, les officiers sup\u00e9rieurs de l&rsquo;Etat-Major G\u00e9n\u00e9ral des Forces Arm\u00e9es Royales, le directeur g\u00e9n\u00e9ral de la S\u00fbret\u00e9 nationale et directeur g\u00e9n\u00e9ral de la Surveillance du territoire et le directeur g\u00e9n\u00e9ral des Etudes et de la Documentation, ainsi que par le Wali de la r\u00e9gion de Rabat-Sal\u00e9-K\u00e9nitra, gouverneur de la pr\u00e9fecture de Rabat et les \u00e9lus de la r\u00e9gion.<\/strong><\/h5>\n<h5><strong>Par la suite, SM le Roi Mohammed VI a \u00e9t\u00e9 salu\u00e9 par les membres de la d\u00e9l\u00e9gation officielle fran\u00e7aise accompagnant le Pr\u00e9sident Emmanuel Macron lors de cette visite, compos\u00e9e notamment de M. Bruno Retailleau, ministre de l\u2019Int\u00e9rieur, Mme Anne Genetet, ministre de l\u2019Education nationale, M. Jean-No\u00ebl Barrot, ministre de l\u2019Europe et des Affaires \u00e9trang\u00e8res, Mme Rachida Dati, ministre de la Culture, M. S\u00e9bastien Lecornu, ministre des Arm\u00e9es et des Anciens combattants, M. Antoine Armand, ministre de l\u2019Economie, des Finances et de l\u2019Industrie, Mme Annie Genevard, ministre de l\u2019Agriculture, de la Souverainet\u00e9 alimentaire et de la For\u00eat, M. Patrick Hetzel, ministre de l\u2019Enseignement sup\u00e9rieur et de la Recherche, Mme Olga Givernet, ministre d\u00e9l\u00e9gu\u00e9e aupr\u00e8s de la ministre de la Transition \u00e9cologique, de l&rsquo;\u00c9nergie, du Climat et de la Pr\u00e9vention des risques, charg\u00e9e de l&rsquo;\u00c9nergie.<\/strong><\/h5>\n<h5><strong>Elle comprend \u00e9galement M. Thani Mohamed Soilihi, Secr\u00e9taire d\u2019\u00c9tat aupr\u00e8s du ministre de l\u2019Europe et des Affaires \u00e9trang\u00e8res, charg\u00e9 de la Francophonie et des Partenariats internationaux, Mme Na\u00efma Moutchou, d\u00e9put\u00e9e du Val-d\u2019Oise (4\u00e8 circonscription) et Vice-Pr\u00e9sidente de l\u2019Assembl\u00e9e nationale, M. Bruno Fuchs, d\u00e9put\u00e9 du Haut-Rhin (6\u00e8 circonscription) et Pr\u00e9sident de la Commission des Affaires \u00e9trang\u00e8res, M. Karim Ben Cheikh, d\u00e9put\u00e9 des Fran\u00e7ais \u00e9tablis hors de France (9\u00e8 circonscription) et ancien Pr\u00e9sident du Groupe d\u2019amiti\u00e9 France-Maroc de l\u2019Assembl\u00e9e nationale, M. Christian Cambon, S\u00e9nateur du Val-de-Marne (\u00cele-de-France) et Pr\u00e9sident du groupe d\u2019amiti\u00e9 France-Maroc du S\u00e9nat, ainsi que plusieurs personnalit\u00e9s des mondes des affaires, de la culture et du sport.<\/strong><\/h5>\n<h5><strong>SM le Roi Mohammed VI a aussi \u00e9t\u00e9 salu\u00e9 par Christophe Lecourtier, ambassadeur de France au Maroc, ainsi que par les membres de l\u2019ambassade de France \u00e0 Rabat.<\/strong><\/h5>\n<h5><strong>Le Chef de l&rsquo;Etat fran\u00e7ais a \u00e9t\u00e9 ensuite salu\u00e9 par les membres du comit\u00e9 d&rsquo;honneur, qui comprend notamment la ministre de l\u2019Am\u00e9nagement du Territoire national, de l\u2019Urbanisme, de l\u2019Habitat et de la Politique de la ville, Mme Fatima Ezzahra El Mansouri, et l\u2019ambassadeur de SM le Roi \u00e0 Paris, Mme Samira Sitail.<\/strong><\/h5>\n<h5><strong>Les deux Chefs d&rsquo;Etat ont gagn\u00e9 le Cabinet Royal o\u00f9 Sa Majest\u00e9 le Roi Mohammed VI, accompagn\u00e9 de SAR le Prince H\u00e9ritier Moulay El Hassan, de SAR le Prince Moulay Rachid, et de LL.AA.RR les Princesses Lalla Khadija et Lalla Meryem, et le Pr\u00e9sident de la R\u00e9publique Fran\u00e7aise, S.E.M. Emmanuel Macron, et son \u00e9pouse Mme Brigitte Macron ont pos\u00e9 pour une photo de famille.<\/strong><\/h5>\n<p><a href=\"http:\/\/asdaamaghribia.ma\/fr\/wp-content\/uploads\/2024\/10\/464872551_567131329186002_4739391044685039831_n.jpg\"><img loading=\"lazy\" decoding=\"async\" class=\"aligncenter size-full wp-image-11704\" src=\"http:\/\/asdaamaghribia.ma\/fr\/wp-content\/uploads\/2024\/10\/464872551_567131329186002_4739391044685039831_n.jpg\" alt=\"\" width=\"800\" height=\"533\" srcset=\"https:\/\/asdaamaghribia.ma\/fr\/wp-content\/uploads\/2024\/10\/464872551_567131329186002_4739391044685039831_n.jpg 800w, https:\/\/asdaamaghribia.ma\/fr\/wp-content\/uploads\/2024\/10\/464872551_567131329186002_4739391044685039831_n-300x200.jpg 300w, https:\/\/asdaamaghribia.ma\/fr\/wp-content\/uploads\/2024\/10\/464872551_567131329186002_4739391044685039831_n-768x512.jpg 768w, https:\/\/asdaamaghribia.ma\/fr\/wp-content\/uploads\/2024\/10\/464872551_567131329186002_4739391044685039831_n-450x300.jpg 450w\" sizes=\"auto, (max-width: 800px) 100vw, 800px\" \/><\/a><\/p>\n<p><a href=\"http:\/\/asdaamaghribia.ma\/fr\/wp-content\/uploads\/2024\/10\/12-1.jpg\"><img loading=\"lazy\" decoding=\"async\" class=\"aligncenter size-full wp-image-11707\" src=\"http:\/\/asdaamaghribia.ma\/fr\/wp-content\/uploads\/2024\/10\/12-1.jpg\" alt=\"\" width=\"1280\" height=\"852\" srcset=\"https:\/\/asdaamaghribia.ma\/fr\/wp-content\/uploads\/2024\/10\/12-1.jpg 1280w, https:\/\/asdaamaghribia.ma\/fr\/wp-content\/uploads\/2024\/10\/12-1-300x200.jpg 300w, https:\/\/asdaamaghribia.ma\/fr\/wp-content\/uploads\/2024\/10\/12-1-1024x682.jpg 1024w, https:\/\/asdaamaghribia.ma\/fr\/wp-content\/uploads\/2024\/10\/12-1-768x511.jpg 768w, https:\/\/asdaamaghribia.ma\/fr\/wp-content\/uploads\/2024\/10\/12-1-450x300.jpg 450w\" sizes=\"auto, (max-width: 1280px) 100vw, 1280px\" \/><\/a><\/p>\n<\/div>\n<\/div>\n","protected":false},"excerpt":{"rendered":"<p>Asdae maghribia\/Map Le Pr\u00e9sident de la R\u00e9publique Fran\u00e7aise, S.E.M. Emmanuel Macron, et son \u00e9pouse Mme Brigitte Macron sont arriv\u00e9s, lundi en fin d&rsquo;apr\u00e8s-midi \u00e0 Rabat, pour une visite d&rsquo;Etat au Royaume du Maroc, \u00e0 l&rsquo;invitation de Sa Majest\u00e9 le Roi Mohammed VI. A leur arriv\u00e9e \u00e0 l&rsquo;a\u00e9roport de Rabat-Sal\u00e9, le Chef de l&rsquo;Etat fran\u00e7ais et [&hellip;]<\/p>\n","protected":false},"author":1,"featured_media":11705,"comment_status":"open","ping_status":"open","sticky":false,"template":"","format":"standard","meta":{"footnotes":""},"categories":[17,10,23,27,12,3],"tags":[],"class_list":["post-11703","post","type-post","status-publish","format-standard","has-post-thumbnail","hentry","category-24-24","category-activites-royales","category-grands-dossiers","category-journalisme-citoyen","category-la-une","category-politique"],"_links":{"self":[{"href":"https:\/\/asdaamaghribia.ma\/fr\/wp-json\/wp\/v2\/posts\/11703","targetHints":{"allow":["GET"]}}],"collection":[{"href":"https:\/\/asdaamaghribia.ma\/fr\/wp-json\/wp\/v2\/posts"}],"about":[{"href":"https:\/\/asdaamaghribia.ma\/fr\/wp-json\/wp\/v2\/types\/post"}],"author":[{"embeddable":true,"href":"https:\/\/asdaamaghribia.ma\/fr\/wp-json\/wp\/v2\/users\/1"}],"replies":[{"embeddable":true,"href":"https:\/\/asdaamaghribia.ma\/fr\/wp-json\/wp\/v2\/comments?post=11703"}],"version-history":[{"count":1,"href":"https:\/\/asdaamaghribia.ma\/fr\/wp-json\/wp\/v2\/posts\/11703\/revisions"}],"predecessor-version":[{"id":11708,"href":"https:\/\/asdaamaghribia.ma\/fr\/wp-json\/wp\/v2\/posts\/11703\/revisions\/11708"}],"wp:featuredmedia":[{"embeddable":true,"href":"https:\/\/asdaamaghribia.ma\/fr\/wp-json\/wp\/v2\/media\/11705"}],"wp:attachment":[{"href":"https:\/\/asdaamaghribia.ma\/fr\/wp-json\/wp\/v2\/media?parent=11703"}],"wp:term":[{"taxonomy":"category","embeddable":true,"href":"https:\/\/asdaamaghribia.ma\/fr\/wp-json\/wp\/v2\/categories?post=11703"},{"taxonomy":"post_tag","embeddable":true,"href":"https:\/\/asdaamaghribia.ma\/fr\/wp-json\/wp\/v2\/tags?post=11703"}],"curies":[{"name":"wp","href":"https:\/\/api.w.org\/{rel}","templated":true}]}}