{"id":11683,"date":"2024-10-05T12:01:59","date_gmt":"2024-10-05T12:01:59","guid":{"rendered":"https:\/\/asdaamaghribia.ma\/fr\/?p=11683"},"modified":"2024-10-29T14:31:08","modified_gmt":"2024-10-29T14:31:08","slug":"la-cour-de-justice-de-lunion-europeenne-perd-sa-credibilite","status":"publish","type":"post","link":"https:\/\/asdaamaghribia.ma\/fr\/politique\/11683\/","title":{"rendered":"La Cour de justice de l&rsquo;Union europ\u00e9enne perd sa cr\u00e9dibilit\u00e9"},"content":{"rendered":"<h6><strong>Ce que la Cour europ\u00e9enne a fait contre le Maroc, c&rsquo;est par imprudence et par incompr\u00e9hension des choses telles qu&rsquo;elles sont. L&rsquo;acteur impliqu\u00e9 dans tout cela n&rsquo;est pas le Polisario, mais bien l&rsquo;Alg\u00e9rie, qui encha\u00eene man\u0153uvres sur man\u0153uvres.<\/strong><\/h6>\n<h6><strong>Depuis longtemps, l&rsquo;Alg\u00e9rie man\u0153uvre derri\u00e8re son alliance Polisario contre le Maroc. Les membres de la Cour europ\u00e9enne ont-ils oubli\u00e9 l&rsquo;histoire du Maroc, son expansion g\u00e9opolitique et d\u00e9mographique, l&rsquo;urbanisation de sa civilisation du sud du fleuve S\u00e9n\u00e9gal jusqu&rsquo;au sud. de la Gaule franque \u00e0 la Tol\u00e8de espagnole, et les conqu\u00eates de ses h\u00e9ros ? L&rsquo;histoire des \u00e9v\u00e9nements et l&rsquo;histoire des temps ont des donn\u00e9es tangibles, l&rsquo;\u00e9mergence des colonialistes traversant les c\u00f4tes marocaines remontant au XVe si\u00e8cle et au d\u00e9but du XVIIIe si\u00e8cle. Les Espagnols appel\u00e8rent les r\u00e9gions d\u00e9sertiques du Rio de Oro \u00ab Oued Ed-Dahab \u00bb et les soumirent ensuite \u00e0 leur contr\u00f4le en 1886. En mai de la m\u00eame ann\u00e9e, le sultan Moulay Hassan Ier envoya des notes de protestation tr\u00e8s fermes aux repr\u00e9sentants. des pays europ\u00e9ens ont soulign\u00e9 les pratiques brutales et ill\u00e9gales des colonisateurs espagnols dans tout le Sahara marocain : corruption de la propri\u00e9t\u00e9, alt\u00e9ration des ressources du pays, pillage des m\u00e9taux pr\u00e9cieux et alt\u00e9ration du travail servile des Sahraouis n\u00e9cessiteux.<\/strong><\/h6>\n<h6><strong>L&rsquo;accord que l&rsquo;Union europ\u00e9enne a conclu avec le Maroc en 1969 \u00e0 cette date n&rsquo;a pas cr\u00e9\u00e9 le Polisario. A cette \u00e9poque, le Sahara marocain \u00e9tait sous contr\u00f4le espagnol, et \u00e0 cette \u00e9poque le Trait\u00e9 de relations de voisinage a \u00e9t\u00e9 sign\u00e9 entre le Maroc et l&rsquo;Alg\u00e9rie. pour rappeler ici que les relations de voisinage entre les deux parties \u00e9taient r\u00e9gies par le Trait\u00e9 d&rsquo;Ifrane sign\u00e9 en 1969. Ses premier et deuxi\u00e8me articles stipulent ce qui suit : \u00ab La paix permanente, l&rsquo;amiti\u00e9 solide et le voisinage fructueux pr\u00e9valent entre la R\u00e9publique Alg\u00e9rienne D\u00e9mocratique et Populaire et le Royaume du Maroc, issu de l&rsquo;esprit et de la conscience de la fraternit\u00e9 ancestrale entre les deux peuples fr\u00e8res et visant \u00e0 construire un avenir commun. Les deux parties contractantes s&rsquo;engagent \u00e0 soutenir leurs relations communes dans tous les domaines\u00a0\u00bb, notamment dans les domaines \u00e9conomique et \u00e9conomique. \u00a0\u00bb Cependant, l&rsquo;article huit stipule que \u00ab\u00a0le pr\u00e9sent trait\u00e9 restera en vigueur pendant une p\u00e9riode de vingt ans \u00e0 compter de la date de son entr\u00e9e en vigueur et sera automatiquement renouvel\u00e9 pour une nouvelle p\u00e9riode de vingt ans \u00e0 moins que l&rsquo;une des parties contractantes n&rsquo;adresse une notification \u00e9crite \u00e0 l&rsquo;autre partie. de la volont\u00e9 de l&rsquo;annuler, un an avant son expiration. aucune am\u00e9lioration ou stabilit\u00e9 depuis l&rsquo;ind\u00e9pendance de l&rsquo;Alg\u00e9rie, et cela est d\u00fb \u00e0 l&rsquo;\u00e9go\u00efsme qui a toujours pouss\u00e9 les dirigeants alg\u00e9riens successifs \u00e0 ressentir une tendance excessive \u00e0 la transcendance, \u00e0 la sup\u00e9riorit\u00e9 sur les autres et \u00e0 un leadership unique dans la r\u00e9gion nord-africaine. Ce qui a contribu\u00e9, et continue de contribuer encore aujourd&rsquo;hui, \u00e0 perturber et \u00e0 fragiliser davantage cette relation entre les deux pays &#8211; outre la br\u00fblure \u00e0 la gorge et les inqui\u00e9tudes chroniques que leur pose le probl\u00e8me du trac\u00e9 de la fronti\u00e8re avec le Maroc, non seulement mentionner la nette diff\u00e9rence entre les deux r\u00e9gimes dans l&rsquo;orientation id\u00e9ologique et la diff\u00e9rence de visions dans les questions soulev\u00e9es sur la sc\u00e8ne internationale, arabe ou r\u00e9gionale.<\/strong><\/h6>\n<h6><strong>Tous ces faits historiques ne sont pas connus de la cour chauvine europ\u00e9enne car elle ne voit pas les choses de mani\u00e8re r\u00e9aliste. Toutes les perspectives de partenariat maroco-europ\u00e9en stipulent et stipulent des principes de base, qui sont l&rsquo;\u00e9tablissement de relations \u00e9quilibr\u00e9es fond\u00e9es sur les principes d&rsquo;\u00e9change, de partenariat, et un d\u00e9veloppement conjoint dans le cadre des principes de la d\u00e9mocratie et des droits de l&rsquo;homme.<\/strong><\/h6>\n<h6><strong>Ce que le tribunal chauvin europ\u00e9en a d\u00e9cid\u00e9 contre le Maroc peut affecter l\u2019\u00e9conomie europ\u00e9enne principalement sur le plan \u00e9conomique et social. Le Maroc n\u2019a pas besoin des march\u00e9s europ\u00e9ens, comme le march\u00e9 chinois, le march\u00e9 russe, le march\u00e9 asiatique, le march\u00e9 am\u00e9ricain et le march\u00e9 africain. march\u00e9, qui sont tous des march\u00e9s avec lesquels le Maroc traite honn\u00eatement et sans hypocrisie politique&#8230; et sa coop\u00e9ration \u00e9conomique avec&#8230; Ces march\u00e9s vont s\u00e9rieusement pousser les Europ\u00e9ens \u00e0 beaucoup r\u00e9fl\u00e9chir avant de prendre cette d\u00e9cision<\/strong><\/h6>\n<h6><strong>Ce que le tribunal chauvin europ\u00e9en a fait, c&rsquo;est admettre que l&rsquo;Europe n&rsquo;a aucune cr\u00e9dibilit\u00e9 dans ses relations avec un pays avec une longue histoire&#8230; le Maroc&#8230; qui a contribu\u00e9 \u00e0 lib\u00e9rer l&rsquo;Europe du fascisme.<\/strong><\/h6>\n<h6><strong>Quant au Polisario, il n&rsquo;est autre que le centre de l&rsquo;Alg\u00e9rie, qui y a d\u00e9pens\u00e9 plus de 700 milliards de dollars depuis 1976 pour cr\u00e9er des tensions dans la r\u00e9gion et en faire une source de subsistance et de terrorisme. Le tribunal a \u00e9t\u00e9 coh\u00e9rent avec ses propos. th\u00e8se et l&rsquo;a fait renforcer afin de gagner plus de mercenaires. Il a \u00e9galement oubli\u00e9 ou oubli\u00e9 qu&rsquo;un rapport de l&rsquo;Office europ\u00e9en de lutte antifraude Il a confirm\u00e9 que l&rsquo;aide humanitaire fournie par l&rsquo;Union europ\u00e9enne des contribuables aux r\u00e9sidents des camps de Tindouf en Alg\u00e9rie a transf\u00e9r\u00e9es de mani\u00e8re organis\u00e9e depuis plusieurs ann\u00e9es. Les enqu\u00eates du bureau ont \u00e9galement r\u00e9v\u00e9l\u00e9 que ces op\u00e9rations pratiqu\u00e9es dans les camps ont permis aux organisateurs du transfert d&rsquo;aide d&rsquo;atteindre une richesse extr\u00eame.<\/strong><\/h6>\n<h6><strong>Alors o\u00f9 est la cr\u00e9dibilit\u00e9 de ce tribunal, sur quoi s&rsquo;est-il appuy\u00e9 et o\u00f9 sont les droits de l&rsquo;homme dont il se vante, si l&rsquo;Alg\u00e9rie n&rsquo;avait pas soudoy\u00e9 tous les membres du tribunal qui n&rsquo;ont aucune id\u00e9e de l&rsquo;endroit o\u00f9 se trouve ce groupe de mercenaires et dans sur quel terrain il se trouve..<\/strong><\/h6>\n","protected":false},"excerpt":{"rendered":"<p>Ce que la Cour europ\u00e9enne a fait contre le Maroc, c&rsquo;est par imprudence et par incompr\u00e9hension des choses telles qu&rsquo;elles sont. L&rsquo;acteur impliqu\u00e9 dans tout cela n&rsquo;est pas le Polisario, mais bien l&rsquo;Alg\u00e9rie, qui encha\u00eene man\u0153uvres sur man\u0153uvres. Depuis longtemps, l&rsquo;Alg\u00e9rie man\u0153uvre derri\u00e8re son alliance Polisario contre le Maroc. Les membres de la Cour europ\u00e9enne [&hellip;]<\/p>\n","protected":false},"author":1,"featured_media":11684,"comment_status":"open","ping_status":"open","sticky":false,"template":"","format":"standard","meta":{"footnotes":""},"categories":[16,11,14,27,12,19,3],"tags":[],"class_list":["post-11683","post","type-post","status-publish","format-standard","has-post-thumbnail","hentry","category-a-vos-marques","category-actualites","category-editorial","category-journalisme-citoyen","category-la-une","category-m-a","category-politique"],"_links":{"self":[{"href":"https:\/\/asdaamaghribia.ma\/fr\/wp-json\/wp\/v2\/posts\/11683","targetHints":{"allow":["GET"]}}],"collection":[{"href":"https:\/\/asdaamaghribia.ma\/fr\/wp-json\/wp\/v2\/posts"}],"about":[{"href":"https:\/\/asdaamaghribia.ma\/fr\/wp-json\/wp\/v2\/types\/post"}],"author":[{"embeddable":true,"href":"https:\/\/asdaamaghribia.ma\/fr\/wp-json\/wp\/v2\/users\/1"}],"replies":[{"embeddable":true,"href":"https:\/\/asdaamaghribia.ma\/fr\/wp-json\/wp\/v2\/comments?post=11683"}],"version-history":[{"count":1,"href":"https:\/\/asdaamaghribia.ma\/fr\/wp-json\/wp\/v2\/posts\/11683\/revisions"}],"predecessor-version":[{"id":11685,"href":"https:\/\/asdaamaghribia.ma\/fr\/wp-json\/wp\/v2\/posts\/11683\/revisions\/11685"}],"wp:featuredmedia":[{"embeddable":true,"href":"https:\/\/asdaamaghribia.ma\/fr\/wp-json\/wp\/v2\/media\/11684"}],"wp:attachment":[{"href":"https:\/\/asdaamaghribia.ma\/fr\/wp-json\/wp\/v2\/media?parent=11683"}],"wp:term":[{"taxonomy":"category","embeddable":true,"href":"https:\/\/asdaamaghribia.ma\/fr\/wp-json\/wp\/v2\/categories?post=11683"},{"taxonomy":"post_tag","embeddable":true,"href":"https:\/\/asdaamaghribia.ma\/fr\/wp-json\/wp\/v2\/tags?post=11683"}],"curies":[{"name":"wp","href":"https:\/\/api.w.org\/{rel}","templated":true}]}}