{"id":11632,"date":"2024-07-21T07:37:39","date_gmt":"2024-07-21T07:37:39","guid":{"rendered":"https:\/\/asdaamaghribia.ma\/fr\/?p=11632"},"modified":"2024-07-21T07:37:39","modified_gmt":"2024-07-21T07:37:39","slug":"au-feminin-la-15e-edition-du-challenge-international-du-sahara-du-27-au-30-juillet","status":"publish","type":"post","link":"https:\/\/asdaamaghribia.ma\/fr\/sport\/11632\/","title":{"rendered":"Au f\u00e9minin : La 15\u00e8 \u00e9dition du Challenge international du Sahara, du 27 au 30 juillet"},"content":{"rendered":"<h5><strong>La 15\u1d49 \u00e9dition du challenge international du Sahara de cyclisme f\u00e9minin aura lieu, du 27 au 30 juillet \u00e0 La\u00e2youne et Tarfaya, \u00e0 l\u2019initiative de l\u2019association \u00ab\u00a0Marche Verte\u00a0\u00bb de cyclisme \u00e0 La\u00e2youne.<\/strong><\/p>\n<p><strong>Organis\u00e9e sous l\u2019\u00e9gide de la F\u00e9d\u00e9ration royale marocaine de cyclisme (FRMC), \u00e0 l\u2019occasion du 25\u00e8me anniversaire de la F\u00eate du Tr\u00f4ne, cette \u00e9dition sera marqu\u00e9e par la participation de 50 cyclistes issues de plusieurs pays, \u00e0 savoir l\u2019Espagne, la France, l\u2019Angleterre, la Palestine, l\u2019Egypte et l\u2019Arabie saoudite, outre le Maroc.<\/strong><\/p>\n<p><strong>Cette \u00e9preuve se d\u00e9roulera sur trois \u00e9tapes, dont la premi\u00e8re reliera la commune d\u2019Akhefnir \u00e0 Tarfaya, sur une distance de 100 km.<\/strong><\/p>\n<p><strong>La seconde \u00e9tape reliera la commune de Daoura \u00e0 Foum El Oued, en passant par La\u00e2youne (65 km), tandis que la troisi\u00e8me \u00e9tape reliera Foum El Oued \u00e0 La\u00e2youne, en passant par la ville d\u2019El Marssa, sur une distance de 35 km.<\/strong><\/p>\n<p><strong>Cette manifestation sportive, qui vise \u00e0 \u00e9largir la base des pratiquants du cyclisme, notamment chez les filles des provinces du Sud, est l\u2019occasion pour les participantes de s\u2019informer sur les projets de d\u00e9veloppement dans la r\u00e9gion.<\/strong><\/h5>\n","protected":false},"excerpt":{"rendered":"<p>La 15\u1d49 \u00e9dition du challenge international du Sahara de cyclisme f\u00e9minin aura lieu, du 27 au 30 juillet \u00e0 La\u00e2youne et Tarfaya, \u00e0 l\u2019initiative de l\u2019association \u00ab\u00a0Marche Verte\u00a0\u00bb de cyclisme \u00e0 La\u00e2youne. Organis\u00e9e sous l\u2019\u00e9gide de la F\u00e9d\u00e9ration royale marocaine de cyclisme (FRMC), \u00e0 l\u2019occasion du 25\u00e8me anniversaire de la F\u00eate du Tr\u00f4ne, cette \u00e9dition [&hellip;]<\/p>\n","protected":false},"author":1,"featured_media":11633,"comment_status":"open","ping_status":"open","sticky":false,"template":"","format":"standard","meta":{"footnotes":""},"categories":[20,5],"tags":[],"class_list":["post-11632","post","type-post","status-publish","format-standard","has-post-thumbnail","hentry","category-r-m","category-sport"],"_links":{"self":[{"href":"https:\/\/asdaamaghribia.ma\/fr\/wp-json\/wp\/v2\/posts\/11632","targetHints":{"allow":["GET"]}}],"collection":[{"href":"https:\/\/asdaamaghribia.ma\/fr\/wp-json\/wp\/v2\/posts"}],"about":[{"href":"https:\/\/asdaamaghribia.ma\/fr\/wp-json\/wp\/v2\/types\/post"}],"author":[{"embeddable":true,"href":"https:\/\/asdaamaghribia.ma\/fr\/wp-json\/wp\/v2\/users\/1"}],"replies":[{"embeddable":true,"href":"https:\/\/asdaamaghribia.ma\/fr\/wp-json\/wp\/v2\/comments?post=11632"}],"version-history":[{"count":1,"href":"https:\/\/asdaamaghribia.ma\/fr\/wp-json\/wp\/v2\/posts\/11632\/revisions"}],"predecessor-version":[{"id":11634,"href":"https:\/\/asdaamaghribia.ma\/fr\/wp-json\/wp\/v2\/posts\/11632\/revisions\/11634"}],"wp:featuredmedia":[{"embeddable":true,"href":"https:\/\/asdaamaghribia.ma\/fr\/wp-json\/wp\/v2\/media\/11633"}],"wp:attachment":[{"href":"https:\/\/asdaamaghribia.ma\/fr\/wp-json\/wp\/v2\/media?parent=11632"}],"wp:term":[{"taxonomy":"category","embeddable":true,"href":"https:\/\/asdaamaghribia.ma\/fr\/wp-json\/wp\/v2\/categories?post=11632"},{"taxonomy":"post_tag","embeddable":true,"href":"https:\/\/asdaamaghribia.ma\/fr\/wp-json\/wp\/v2\/tags?post=11632"}],"curies":[{"name":"wp","href":"https:\/\/api.w.org\/{rel}","templated":true}]}}