{"id":11619,"date":"2024-05-29T20:36:02","date_gmt":"2024-05-29T20:36:02","guid":{"rendered":"https:\/\/asdaamaghribia.ma\/fr\/?p=11619"},"modified":"2024-05-29T20:59:24","modified_gmt":"2024-05-29T20:59:24","slug":"futurs-diplomates-13-eleves-de-linstitut-ibnou-arabi-tit-mellil-recus-par-lambassadeur-du-maroc-a-geneve","status":"publish","type":"post","link":"https:\/\/asdaamaghribia.ma\/fr\/uncategorized\/11619\/","title":{"rendered":"Futurs Diplomates : 13 \u00c9l\u00e8ves de l&rsquo;institut Ibnou Arabi Tit Mellil re\u00e7us par L&rsquo;ambassadeur du Maroc \u00e0 Gen\u00e8ve"},"content":{"rendered":"<h5><\/h5>\n<h5><strong>Dans le cadre des \u00e9v\u00e9nements culturels de la strat\u00e9gie de l\u2019institut Ibnou Arabi Tit Mellil , une d\u00e9l\u00e9gation de 13 \u00e9l\u00e8ves \u00e2g\u00e9s de 15 \u00e0 18 ans a b\u00e9n\u00e9fici\u00e9 d&rsquo;une formation d&rsquo;une semaine dans le domaine de la diplomatie \u00e0 Gen\u00e8ve. <\/strong><br \/>\n<strong>Une initiative citoyenne dirig\u00e9e par la jeune Cadre\u00a0\u00bb Hajar Askour,\u00a0\u00bb qui a acquis une exp\u00e9rience et expertise dans le domaine de la diplomatie parall\u00e8le.<\/strong><\/h5>\n<h5><strong><a href=\"http:\/\/asdaamaghribia.ma\/fr\/wp-content\/uploads\/2024\/05\/0002.jpg\"><img loading=\"lazy\" decoding=\"async\" class=\"wp-image-11621 size-thumbnail alignleft\" src=\"http:\/\/asdaamaghribia.ma\/fr\/wp-content\/uploads\/2024\/05\/0002-150x150.jpg\" alt=\"\" width=\"150\" height=\"150\" srcset=\"https:\/\/asdaamaghribia.ma\/fr\/wp-content\/uploads\/2024\/05\/0002-150x150.jpg 150w, https:\/\/asdaamaghribia.ma\/fr\/wp-content\/uploads\/2024\/05\/0002-100x100.jpg 100w\" sizes=\"auto, (max-width: 150px) 100vw, 150px\" \/><\/a> <\/strong><br \/>\n<strong>* Titulaire de deux dipl\u00f4mes : Traduction\/Interpr\u00e9tation et une licence en Gestion.<\/strong><br \/>\n<strong>*Elle a suivi une formation aux Nations Unies \u00e0 Gen\u00e8ve (pour la session du Conseil des Droits de l&rsquo;Homme). <\/strong><br \/>\n<strong>* Elle a b\u00e9n\u00e9fici\u00e9 d&rsquo;une formation d&rsquo;\u00e9t\u00e9 au sein d&rsquo;un cabinet de comptabilit\u00e9 en Floride, USA.<\/strong><br \/>\n<strong>&#8211; Formation en traduction chez Naciri &amp; Partners aupr\u00e8s d&rsquo;Allen et Overy \u00e0 Casablanca, et une autre en traduction \u00e0 l&rsquo;ISESCO \u00e0 Rabat.<\/strong><br \/>\n<strong>Tous ces acquis lui ont fait porter la responsabilit\u00e9 de consolider la culture de l\u2019\u00e9ducation nationale et d\u2019impliquer les \u00e9l\u00e8ves du niveau lyc\u00e9e :<\/strong><br \/>\n<strong>(Tronc commun, premi\u00e8re et deuxi\u00e8me ann\u00e9es du baccalaur\u00e9at) dans le domaine de la diplomatie parall\u00e8le et les sensibiliser au plaidoyer entant que futurs diplomates devant un groupe de Diplomates de diff\u00e9rents pays pr\u00e9sents en Suisse.<\/strong><br \/>\n<strong>Dans ce contexte, la responsable de cette formation, \u00a0\u00bb Hajar Askour\u00a0\u00bb a d\u00e9clar\u00e9 que: cette initiative distingu\u00e9e dans le programme d&rsquo;enseignement et d&rsquo;\u00e9ducation de l&rsquo;institut Ibnou Arabi Tit Mellil s&rsquo;inscrit dans le cadre de l&rsquo;incarnation et de la r\u00e9alisation des objectifs dans lesquels le Maroc s&rsquo;est engag\u00e9 avec la communaut\u00e9 internationale et l&rsquo;organisation de la soci\u00e9t\u00e9 civile dans la pr\u00e9paration de futurs cadres diplomates. <\/strong><br \/>\n<strong>Avant le d\u00e9placement \u00e0 Gen\u00e8ve, les jeunes \u00e9l\u00e8ves ont benefici\u00e9 de 180 heures de formation (en diplomatie et relations internationales) avec une \u00e9cole diplomatique.<\/strong><br \/>\n<strong>Le projet de l&rsquo;institut Ibnou Arabi Tit Mellil n\u2019est que l\u2019ex\u00e9cution d\u2019un programme national intitul\u00e9 :\u201dJeunes Ambassadeurs\u201d. <\/strong><br \/>\n<strong>Le projet \u201cJeunes Ambassadeurs\u201d est un projet de formation sociale et de renforcement des comp\u00e9tences destin\u00e9 aux Marocains \u00e2g\u00e9s de 15 \u00e0 28 ans. Ils sont form\u00e9s, dans un premier temps, gr\u00e2ce \u00e0 quelques cours de diplomatie et relations \u00e9trang\u00e8res avec une \u00e9cole diplomatique au Maroc. Puis une deuxi\u00e8me session regroupant toutes sortes de s\u00e9minaires, conf\u00e9rences et d\u00e9bats \u00e0 l&rsquo;\u00e9tranger.<\/strong><br \/>\n<strong>Parmi les objectifs de cette formation \u00e0 Gen\u00e8ve: <\/strong><br \/>\n<strong>* Acqu\u00e9rir des comp\u00e9tences en mati\u00e8re de prise de parole en public.<\/strong><br \/>\n<strong>* Travailler en \u00e9quipe et int\u00e9ragir avec d\u2019autres \u00e9tudiants de diff\u00e9rents \u00e2ges et nationalit\u00e9s.<\/strong><br \/>\n<strong>* Apprendre \u00e0 g\u00e9rer son stress et r\u00e9soudre les conflits.<\/strong><br \/>\n<strong>* Pratiquer des exercices d&rsquo;\u00e9valuation de leurs connaissances th\u00e9oriques, de recherche pratique, ainsi que d&rsquo;organisation de relations interpersonnelles op\u00e9rant au niveau international, et dans de nombreux contextes (diplomatiques, juridiques et \u00e9conomiques).<\/strong><\/h5>\n<p><a href=\"http:\/\/asdaamaghribia.ma\/fr\/wp-content\/uploads\/2024\/05\/04.jpg\"><img loading=\"lazy\" decoding=\"async\" class=\"aligncenter size-full wp-image-11622\" src=\"http:\/\/asdaamaghribia.ma\/fr\/wp-content\/uploads\/2024\/05\/04.jpg\" alt=\"\" width=\"1600\" height=\"1200\" srcset=\"https:\/\/asdaamaghribia.ma\/fr\/wp-content\/uploads\/2024\/05\/04.jpg 1600w, https:\/\/asdaamaghribia.ma\/fr\/wp-content\/uploads\/2024\/05\/04-300x225.jpg 300w, https:\/\/asdaamaghribia.ma\/fr\/wp-content\/uploads\/2024\/05\/04-1024x768.jpg 1024w, https:\/\/asdaamaghribia.ma\/fr\/wp-content\/uploads\/2024\/05\/04-768x576.jpg 768w, https:\/\/asdaamaghribia.ma\/fr\/wp-content\/uploads\/2024\/05\/04-1536x1152.jpg 1536w, https:\/\/asdaamaghribia.ma\/fr\/wp-content\/uploads\/2024\/05\/04-86x64.jpg 86w\" sizes=\"auto, (max-width: 1600px) 100vw, 1600px\" \/><\/a><\/p>\n<h5><strong>L&rsquo; une des particularit\u00e9s qui a marqu\u00e9 ce stage de formation \u00e0 Gen\u00e8ve est:<\/strong><br \/>\n<strong>l&rsquo;accueil des \u00e9l\u00e8ves de l&rsquo;institut Ibnou Arabi Tit Mellil, accompagn\u00e9s de la responsable, \u201cAskour Hajar\u00a0\u00bb et de son assistante par: Son Excellence L\u2019ambassadeur du Maroc en Suisse Mr Omar Zniber et son repr\u00e9sentant adjoint Mr Boutadghart Abdellah. <\/strong><br \/>\n<strong>Mais aussi leur participation \u00e0 plusieurs r\u00e9unions diplomatiques et \u00e9v\u00e9nements sportifs comme un marathon organis\u00e9 par \u201cThe Future We Want &#8211; Model United Nations\u201d et IDA Maroc. <\/strong><br \/>\n<strong>Une initiative p\u00e9dagogique et nationale qu&rsquo;il faut encourager pour un meilleur avenir pour notre pays et nos enfants.<\/strong><\/h5>\n<h5 style=\"text-align: right;\"><span style=\"color: #ff0000;\"><strong>Driss Achiri<\/strong><\/span><\/h5>\n<p><a href=\"http:\/\/asdaamaghribia.ma\/fr\/wp-content\/uploads\/2024\/05\/0003.jpg\"><img loading=\"lazy\" decoding=\"async\" class=\"aligncenter size-full wp-image-11623\" src=\"http:\/\/asdaamaghribia.ma\/fr\/wp-content\/uploads\/2024\/05\/0003.jpg\" alt=\"\" width=\"1600\" height=\"1200\" srcset=\"https:\/\/asdaamaghribia.ma\/fr\/wp-content\/uploads\/2024\/05\/0003.jpg 1600w, https:\/\/asdaamaghribia.ma\/fr\/wp-content\/uploads\/2024\/05\/0003-300x225.jpg 300w, https:\/\/asdaamaghribia.ma\/fr\/wp-content\/uploads\/2024\/05\/0003-1024x768.jpg 1024w, https:\/\/asdaamaghribia.ma\/fr\/wp-content\/uploads\/2024\/05\/0003-768x576.jpg 768w, https:\/\/asdaamaghribia.ma\/fr\/wp-content\/uploads\/2024\/05\/0003-1536x1152.jpg 1536w, https:\/\/asdaamaghribia.ma\/fr\/wp-content\/uploads\/2024\/05\/0003-86x64.jpg 86w\" sizes=\"auto, (max-width: 1600px) 100vw, 1600px\" \/><\/a> <a href=\"http:\/\/asdaamaghribia.ma\/fr\/wp-content\/uploads\/2024\/05\/03.jpg\"><img loading=\"lazy\" decoding=\"async\" class=\"aligncenter size-full wp-image-11624\" src=\"http:\/\/asdaamaghribia.ma\/fr\/wp-content\/uploads\/2024\/05\/03.jpg\" alt=\"\" width=\"1440\" height=\"1080\" srcset=\"https:\/\/asdaamaghribia.ma\/fr\/wp-content\/uploads\/2024\/05\/03.jpg 1440w, https:\/\/asdaamaghribia.ma\/fr\/wp-content\/uploads\/2024\/05\/03-300x225.jpg 300w, https:\/\/asdaamaghribia.ma\/fr\/wp-content\/uploads\/2024\/05\/03-1024x768.jpg 1024w, https:\/\/asdaamaghribia.ma\/fr\/wp-content\/uploads\/2024\/05\/03-768x576.jpg 768w, https:\/\/asdaamaghribia.ma\/fr\/wp-content\/uploads\/2024\/05\/03-86x64.jpg 86w\" sizes=\"auto, (max-width: 1440px) 100vw, 1440px\" \/><\/a><\/p>\n","protected":false},"excerpt":{"rendered":"<p>Dans le cadre des \u00e9v\u00e9nements culturels de la strat\u00e9gie de l\u2019institut Ibnou Arabi Tit Mellil , une d\u00e9l\u00e9gation de 13 \u00e9l\u00e8ves \u00e2g\u00e9s de 15 \u00e0 18 ans a b\u00e9n\u00e9fici\u00e9 d&rsquo;une formation d&rsquo;une semaine dans le domaine de la diplomatie \u00e0 Gen\u00e8ve. Une initiative citoyenne dirig\u00e9e par la jeune Cadre\u00a0\u00bb Hajar Askour,\u00a0\u00bb qui a acquis une [&hellip;]<\/p>\n","protected":false},"author":1,"featured_media":11620,"comment_status":"open","ping_status":"open","sticky":false,"template":"","format":"standard","meta":{"footnotes":""},"categories":[17,12,19,24,1],"tags":[],"class_list":["post-11619","post","type-post","status-publish","format-standard","has-post-thumbnail","hentry","category-24-24","category-la-une","category-m-a","category-personnalites-distinguees","category-uncategorized"],"_links":{"self":[{"href":"https:\/\/asdaamaghribia.ma\/fr\/wp-json\/wp\/v2\/posts\/11619","targetHints":{"allow":["GET"]}}],"collection":[{"href":"https:\/\/asdaamaghribia.ma\/fr\/wp-json\/wp\/v2\/posts"}],"about":[{"href":"https:\/\/asdaamaghribia.ma\/fr\/wp-json\/wp\/v2\/types\/post"}],"author":[{"embeddable":true,"href":"https:\/\/asdaamaghribia.ma\/fr\/wp-json\/wp\/v2\/users\/1"}],"replies":[{"embeddable":true,"href":"https:\/\/asdaamaghribia.ma\/fr\/wp-json\/wp\/v2\/comments?post=11619"}],"version-history":[{"count":1,"href":"https:\/\/asdaamaghribia.ma\/fr\/wp-json\/wp\/v2\/posts\/11619\/revisions"}],"predecessor-version":[{"id":11625,"href":"https:\/\/asdaamaghribia.ma\/fr\/wp-json\/wp\/v2\/posts\/11619\/revisions\/11625"}],"wp:featuredmedia":[{"embeddable":true,"href":"https:\/\/asdaamaghribia.ma\/fr\/wp-json\/wp\/v2\/media\/11620"}],"wp:attachment":[{"href":"https:\/\/asdaamaghribia.ma\/fr\/wp-json\/wp\/v2\/media?parent=11619"}],"wp:term":[{"taxonomy":"category","embeddable":true,"href":"https:\/\/asdaamaghribia.ma\/fr\/wp-json\/wp\/v2\/categories?post=11619"},{"taxonomy":"post_tag","embeddable":true,"href":"https:\/\/asdaamaghribia.ma\/fr\/wp-json\/wp\/v2\/tags?post=11619"}],"curies":[{"name":"wp","href":"https:\/\/api.w.org\/{rel}","templated":true}]}}