{"id":11606,"date":"2024-03-08T16:12:52","date_gmt":"2024-03-08T16:12:52","guid":{"rendered":"https:\/\/asdaamaghribia.ma\/fr\/?p=11606"},"modified":"2024-03-08T16:15:35","modified_gmt":"2024-03-08T16:15:35","slug":"rencontre-une-leader-engagee-pour-servir-lhumanite-hajar-el-haddaoui","status":"publish","type":"post","link":"https:\/\/asdaamaghribia.ma\/fr\/uncategorized\/11606\/","title":{"rendered":"Rencontre avec une leader engag\u00e9e pour servir l&rsquo;humanit\u00e9 Hajar El Haddaoui"},"content":{"rendered":"<p><strong>D\u2019origine marocaine, fille d\u2019un p\u00e8re diplomate et d\u2019une m\u00e8re enseignante, Hajar El Haddaoui a toujours c\u00f4toy\u00e9 diverses cultures et s\u2019est impliqu\u00e9e aupr\u00e8s de diff\u00e9rentes communaut\u00e9s. Ces exp\u00e9riences ont forg\u00e9 la mani\u00e8re dont elle exerce son leadership, mettant la collaboration et l\u2019inclusion au c\u0153ur de son approche. Maintenant \u00e9tablie en Suisse, elle veille \u00e0 \u00e9tablir des relations de confiance avec ses \u00e9quipes en \u00ab connectant avec l\u2019humain \u00bb d\u2019abord.<\/strong><\/p>\n<p><strong>C\u2019est d\u2019ailleurs un trait qu\u2019on appr\u00e9cie chez elle, cette facult\u00e9 d\u2019aller \u00e0 la rencontre de l\u2019autre en toute authenticit\u00e9. En effet, quand il est question de r\u00e9seautage, Hajar El Haddaoui recommande de trouver son propre style et d\u2019assumer sa diff\u00e9rence. Leader engag\u00e9e aupr\u00e8s des femmes et des groupes minoritaires, elle ose contester les conventions et nommer les pr\u00e9jug\u00e9s qui leur mettent des b\u00e2tons dans les roues.<\/strong><br \/>\n<strong>Titulaire des dipl\u00f4mes :<\/strong><br \/>\n<strong>Bachelor en informations et<\/strong><br \/>\n<strong>technology de l\u2019universit\u00e9 de fribourg. <\/strong><br \/>\n<strong>Master en Business administration de l\u2019universit\u00e9 de renomm\u00e9 mondiale IMD <\/strong><br \/>\n<strong>Pr\u00e9pare la th\u00e8se en \u00e9conomie et politique <\/strong><br \/>\n<strong>Prix :<\/strong><br \/>\n<strong>&#8211; Best leader en IT award &#8211; Berlin 2020<\/strong><br \/>\n<strong>&#8211; \u2060Best I fluencer leader &#8211; London 2021<\/strong><br \/>\n<strong>&#8211; \u2060Most visionary women leader in digital and transformation &#8211; Dubai 2024.<\/strong><\/p>\n<p><a href=\"http:\/\/asdaamaghribia.ma\/fr\/wp-content\/uploads\/2024\/03\/31.jpg\"><img loading=\"lazy\" decoding=\"async\" class=\"aligncenter size-full wp-image-11609\" src=\"http:\/\/asdaamaghribia.ma\/fr\/wp-content\/uploads\/2024\/03\/31.jpg\" alt=\"\" width=\"663\" height=\"524\" srcset=\"https:\/\/asdaamaghribia.ma\/fr\/wp-content\/uploads\/2024\/03\/31.jpg 663w, https:\/\/asdaamaghribia.ma\/fr\/wp-content\/uploads\/2024\/03\/31-300x237.jpg 300w, https:\/\/asdaamaghribia.ma\/fr\/wp-content\/uploads\/2024\/03\/31-279x220.jpg 279w\" sizes=\"auto, (max-width: 663px) 100vw, 663px\" \/><\/a><\/p>\n<p><strong>La leader Hajar El Haddaoui a accord\u00e9e une interview \u00e0 Asdae Maghribia \u00e0 l&rsquo;occasion de la c\u00e9l\u00e9bration de la Journ\u00e9e internationale<\/strong><\/p>\n<p><span style=\"color: #ff0000;\"><strong>Quel a \u00e9t\u00e9 votre parcours\u00a0professionnel ?<\/strong><\/span><\/p>\n<p><strong>J\u2019ai toujours eu soif d\u2019\u00e9largir mes comp\u00e9tences : je fais partie de cette cat\u00e9gorie de personnes qui n\u2019attendent pas qu\u2019on leur tende la perche. L\u2019envie d\u2019exceller et le besoin de d\u00e9passement de soi m\u2019ont d\u00e8s lors constamment conduite \u00e0 saisir les occasions de nouveaux apprentissages.<\/strong><\/p>\n<p><span style=\"color: #ff0000;\"><strong>Vos \u00e9tudes sup\u00e9rieures ?<\/strong><\/span><\/p>\n<p><strong>\u00a0J\u2018ai effectu\u00e9 mes \u00e9tudes sup\u00e9rieures en Suisse et au Canada &#8211;\u00a0Je suis titulaire \u00e9tudes sup\u00e9rieures en droit de l\u2019universit\u00e9 de Montr\u00e9al d\u2019un Bachelor en information communication et technologie de l\u2019universit\u00e9 de fribourg , d\u2019un master de L\u2019IMD\u00a0\u00a0et je pr\u00e9pare ma th\u00e8se en science \u00e9conomique et politique .\u00a0<\/strong><\/p>\n<p><span style=\"color: #ff0000;\"><strong>Votre sp\u00e9cialit\u00e9 ?<\/strong><\/span><\/p>\n<p><strong>\u00a0En technologie et innovation\u00a0<\/strong><\/p>\n<p><span style=\"color: #ff0000;\"><strong>Votre fonction actuelle et vos activit\u00e9s ?<\/strong><\/span><\/p>\n<p><strong>\u00a0Je suis Pr\u00e9sidente directeur g\u00e9n\u00e9rale de Circular economy companies Holding , Vice pr\u00e9sidente de United Nation Global compact et membre du conseil d\u2019administration de Swiss leader .<\/strong><\/p>\n<p><span style=\"color: #ff0000;\"><strong>Pensez vous de rentrer au\u00a0\u00a0Maroc avec votre exp\u00e9rience et vos acquis ?<\/strong><\/span><\/p>\n<p><strong>J\u2019ai toujours appelle mon pays \u00ab\u00a0Mon Maroc\u00a0\u00bb, Un pays au carrefour de cultures et influences diverses. J\u2019en aime le soleil, la pluie, le brouillard, la bruine qui chacun marque des moments de ma vie. Ces Marocains si attachants, si g\u00e9n\u00e9reux , si courageux et qui sont la fiert\u00e9 de ce pays .<\/strong><\/p>\n<p><strong>\u00ab\u00a0Mon Maroc\u00a0\u00bb, est digne de mon amour, digne de mon attention, digne de mes r\u00e9ussites et espoirs et cet amour doit \u00eatre bien plus fort que juste donner de mon exp\u00e9rience ou mes acquis mais bien au-del\u00e0\u00a0!<\/strong><\/p>\n<p><span style=\"color: #ff0000;\"><strong>Que pensez vous de la place \u00a0de la femme Marocaines au Maroc et au niveau mondial ?<\/strong><\/span><\/p>\n<p><strong>Au cours de ces deux derni\u00e8res d\u00e9cennies, la femme marocaine a accumul\u00e9 des acquis importants dans le cadre d\u2019une approche globale et participative bas\u00e9e sur l&rsquo;\u00e9coute, l&rsquo;engagement et l&rsquo;accompagnement. Une d\u00e9marche qui a contribu\u00e9 largement au renforcement de la pr\u00e9sence f\u00e9minine dans divers domaines, notamment politique, \u00e9conomique et social.<\/strong><\/p>\n<p><a href=\"http:\/\/asdaamaghribia.ma\/fr\/wp-content\/uploads\/2024\/03\/30.jpg\"><img loading=\"lazy\" decoding=\"async\" class=\"aligncenter size-full wp-image-11610\" src=\"http:\/\/asdaamaghribia.ma\/fr\/wp-content\/uploads\/2024\/03\/30.jpg\" alt=\"\" width=\"565\" height=\"401\" srcset=\"https:\/\/asdaamaghribia.ma\/fr\/wp-content\/uploads\/2024\/03\/30.jpg 565w, https:\/\/asdaamaghribia.ma\/fr\/wp-content\/uploads\/2024\/03\/30-300x213.jpg 300w\" sizes=\"auto, (max-width: 565px) 100vw, 565px\" \/><\/a><\/p>\n<p><strong>le Maroc a r\u00e9alis\u00e9 d\u2019importants progr\u00e8s dans la fa\u00e7on dont les femmes doivent \u00eatre consid\u00e9r\u00e9es, au sein de la famille comme dans les espaces de vie professionnelle et collective, en amont avec les importantes transitions soci\u00e9tales amorc\u00e9es, qui virent la soci\u00e9t\u00e9 marocaine contemporaine passer d\u2019une structure traditionnelle de nature patriarcale favorisant la discrimination \u00e0 l\u2019\u00e9gard des femmes, vers une organisation familiale davantage nucl\u00e9aris\u00e9e et urbanis\u00e9e, dans laquelle les femmes sont parvenues \u00e0 s\u2019autonomiser, aussi bien politiquement qu\u2019\u00e9conomiquement. Fort heureusement pour nous les choses \u00e9voluent au Maroc. Certes, l\u2019Etat a un r\u00f4le central \u00e0 jouer pour garantir une certaine \u00e9galit\u00e9 entre hommes et femmes au Maroc. Cependant, les politiques ne peuvent pas tout changer et nous nous devons chacun a notre niveau d\u2019\u00e9duquer diff\u00e9remment afin de faire changer les mentalit\u00e9s.<\/strong><\/p>\n<p><strong><em>Pour ce faire, l\u2019\u00e9ducation et l\u2019enseignement sont la cl\u00e9 de vo\u00fbte du changement!\u00a0<\/em><\/strong><\/p>\n<p><span style=\"color: #ff0000;\"><strong>Votre avis sur la r\u00e9glementation de code de la famille encours??<\/strong><\/span><\/p>\n<p><strong>Lorsque Sa Majest\u00e9 le Roi a donn\u00e9 ses instructions pour \u00e9tablir la loi sur la famille, c\u2019\u00e9tait dans le but de promouvoir les droits de l\u2019Homme, l\u2019\u00e9quit\u00e9 envers les femmes, la protection des droits de l\u2019enfant, et le maintien de la dignit\u00e9 de l\u2019Homme, en respectant pleinement les nobles precepts de l\u2019islam. Par cons\u00e9quent, cette initiative de r\u00e9forme ne doit pas se limiter \u00e0 changer ou \u00e0 modifier les textes r\u00e9gissant le mariage et la relation entre les conjoints, car la loi doit \u00eatre adapt\u00e9e dans une certaine mesure pour servir l\u2019int\u00e9r\u00eat g\u00e9n\u00e9ral, le bien-\u00eatre public, et les int\u00e9r\u00eats sup\u00e9rieurs des parties impliqu\u00e9es. Il est essentiel de travailler en parall\u00e8le sur ce qui ne peut pas \u00eatre chang\u00e9, et qui constitue un obstacle \u00e0 toute r\u00e9forme, comme les coutumes, les traditions, la domination de la mentalit\u00e9 masculine, les affiliations tribales, le manque de civisme \u2026<\/strong><\/p>\n<p><strong><em>Encore une fois, l\u2019\u00e9ducation et l\u2019enseignement sont la cl\u00e9 de vo\u00fbte du changement!\u00a0<\/em><\/strong><\/p>\n<p style=\"text-align: right;\"><span style=\"color: #ff0000;\"><strong>Driss Achiri<\/strong><\/span><\/p>\n","protected":false},"excerpt":{"rendered":"<p>D\u2019origine marocaine, fille d\u2019un p\u00e8re diplomate et d\u2019une m\u00e8re enseignante, Hajar El Haddaoui a toujours c\u00f4toy\u00e9 diverses cultures et s\u2019est impliqu\u00e9e aupr\u00e8s de diff\u00e9rentes communaut\u00e9s. Ces exp\u00e9riences ont forg\u00e9 la mani\u00e8re dont elle exerce son leadership, mettant la collaboration et l\u2019inclusion au c\u0153ur de son approche. Maintenant \u00e9tablie en Suisse, elle veille \u00e0 \u00e9tablir des [&hellip;]<\/p>\n","protected":false},"author":1,"featured_media":11613,"comment_status":"open","ping_status":"open","sticky":false,"template":"","format":"standard","meta":{"footnotes":""},"categories":[11,21,18,24,1],"tags":[],"class_list":["post-11606","post","type-post","status-publish","format-standard","has-post-thumbnail","hentry","category-actualites","category-femme","category-mre","category-personnalites-distinguees","category-uncategorized"],"_links":{"self":[{"href":"https:\/\/asdaamaghribia.ma\/fr\/wp-json\/wp\/v2\/posts\/11606","targetHints":{"allow":["GET"]}}],"collection":[{"href":"https:\/\/asdaamaghribia.ma\/fr\/wp-json\/wp\/v2\/posts"}],"about":[{"href":"https:\/\/asdaamaghribia.ma\/fr\/wp-json\/wp\/v2\/types\/post"}],"author":[{"embeddable":true,"href":"https:\/\/asdaamaghribia.ma\/fr\/wp-json\/wp\/v2\/users\/1"}],"replies":[{"embeddable":true,"href":"https:\/\/asdaamaghribia.ma\/fr\/wp-json\/wp\/v2\/comments?post=11606"}],"version-history":[{"count":3,"href":"https:\/\/asdaamaghribia.ma\/fr\/wp-json\/wp\/v2\/posts\/11606\/revisions"}],"predecessor-version":[{"id":11615,"href":"https:\/\/asdaamaghribia.ma\/fr\/wp-json\/wp\/v2\/posts\/11606\/revisions\/11615"}],"wp:featuredmedia":[{"embeddable":true,"href":"https:\/\/asdaamaghribia.ma\/fr\/wp-json\/wp\/v2\/media\/11613"}],"wp:attachment":[{"href":"https:\/\/asdaamaghribia.ma\/fr\/wp-json\/wp\/v2\/media?parent=11606"}],"wp:term":[{"taxonomy":"category","embeddable":true,"href":"https:\/\/asdaamaghribia.ma\/fr\/wp-json\/wp\/v2\/categories?post=11606"},{"taxonomy":"post_tag","embeddable":true,"href":"https:\/\/asdaamaghribia.ma\/fr\/wp-json\/wp\/v2\/tags?post=11606"}],"curies":[{"name":"wp","href":"https:\/\/api.w.org\/{rel}","templated":true}]}}