{"id":11481,"date":"2023-12-10T12:22:05","date_gmt":"2023-12-10T12:22:05","guid":{"rendered":"https:\/\/asdaemaghribia.ma\/fr\/?p=11481"},"modified":"2023-12-10T12:22:05","modified_gmt":"2023-12-10T12:22:05","slug":"ouarzazate-accueille-le-premier-forum-regional-du-tourisme-et-du-cinema-dans-la-region-draa-tafilalet","status":"publish","type":"post","link":"https:\/\/asdaamaghribia.ma\/fr\/cultures\/11481\/","title":{"rendered":"Ouarzazate accueille le premier forum r\u00e9gional du tourisme et du cin\u00e9ma dans la r\u00e9gion Draa-Tafilalet"},"content":{"rendered":"<h5 class=\"node-tpl-date-print\"><\/h5>\n<h5 class=\"node-tpl-ville-accroche\"><strong>Ouarzazate &#8211; La premi\u00e8re \u00e9dition du Forum r\u00e9gional sur le tourisme et le cin\u00e9ma de Dr\u00e2a-Tafilalet se tiendra le 14 d\u00e9cembre \u00e0 Ouarzazate sous le th\u00e8me \u00ab\u00a0Cin\u00e9-tourisme: vision et synergie\u00a0\u00bb, annoncent mercredi les organisateurs dans un communiqu\u00e9.<\/strong><\/h5>\n<div class=\"node-tpl-corps\">\n<p><strong>Organis\u00e9 par la Chambre de commerce, d&rsquo;industrie et des services de la r\u00e9gion de Dr\u00e2a-Tafilalet, cet \u00e9v\u00e9nement ambitionne de mettre en lumi\u00e8re le \u00ab\u00a0r\u00f4le significatif\u00a0\u00bb du tourisme et du cin\u00e9ma dans le d\u00e9veloppement socio-\u00e9conomique de la r\u00e9gion, indique le communiqu\u00e9.<\/strong><\/p>\n<p><strong>Ce forum, qui s&rsquo;inscrit dans le cadre de la mission de la Chambre visant \u00e0 contribuer activement au d\u00e9veloppement de l&rsquo;\u00e9conomie locale, s&rsquo;assignent \u00e9galement pour objectifs d'\u00a0\u00bbexplorer les synergies entre le tourisme et le cin\u00e9ma pour comprendre leur impact sur la cr\u00e9ation d&#8217;emplois, la croissance \u00e9conomique et la visibilit\u00e9 r\u00e9gionale tout en identifiant les opportunit\u00e9s d&rsquo;investissement dans ces deux secteurs\u00a0\u00bb, ajoute la m\u00eame source.<\/strong><\/p>\n<p><strong>S&rsquo;adressant aux professionnels du tourisme et du cin\u00e9ma, aux \u00e9lus, centres r\u00e9gionaux d&rsquo;investissements, universit\u00e9s, associations et autres acteurs locaux impliqu\u00e9s dans le d\u00e9veloppement socio-\u00e9conomique, cette rencontre vise \u00e9galement \u00e0 mettre l&rsquo;accent sur le r\u00f4le de premier plan jou\u00e9 par le tourisme et le cin\u00e9ma en tant que moteurs du d\u00e9veloppement \u00e9conomique et social de la r\u00e9gion de Dr\u00e2a-Tafilalet.<\/strong><\/p>\n<p><strong>Au menu de ce forum, figurent des sessions pl\u00e9ni\u00e8res, des panels, des ateliers th\u00e9matiques et des opportunit\u00e9s de networking. Les discussions porteront sur plusieurs th\u00e9matiques, notamment \u00ab\u00a0les atouts touristiques et cin\u00e9matographiques de la r\u00e9gion\u00a0\u00bb, \u00ab\u00a0les retomb\u00e9es \u00e9conomiques et sociales du tourisme et du cin\u00e9ma\u00a0\u00bb, \u00ab\u00a0les opportunit\u00e9s d&rsquo;investissement\u00a0\u00bb, \u00ab\u00a0les initiatives de promotion et de d\u00e9veloppement\u00a0\u00bb, ainsi que \u00ab\u00a0les partenariats public-priv\u00e9\u00a0\u00bb.<\/strong><\/p>\n<p><strong>Les travaux de ce forum seront sanctionn\u00e9s par des recommandations concr\u00e8tes destin\u00e9es \u00e0 parvenir \u00e0 une meilleure compr\u00e9hension du potentiel du tourisme et du cin\u00e9ma au niveau de la r\u00e9gion de Dr\u00e2a-Tafilalet et \u00e0 renforcer les comp\u00e9tences des diff\u00e9rents acteurs ainsi que les perspectives de collaboration entre les professionnels, les \u00e9lus, les organismes gouvernementaux et les universit\u00e9s.<\/strong><\/p>\n<p><strong>Rappelons que le tourisme et le cin\u00e9ma jouent un r\u00f4le central dans le d\u00e9veloppement \u00e9conomique et social de Dr\u00e2a-Tafilalet, r\u00e9gion reconnue pour ses attraits naturels, son patrimoine culturel riche et vari\u00e9, et son histoire captivante. Ces deux secteurs g\u00e9n\u00e8rent des revenus importants, cr\u00e9ent des opportunit\u00e9s d&#8217;emploi et offrent une visibilit\u00e9 internationale pr\u00e9cieuse pour cette r\u00e9gion historique.<\/strong><\/p>\n<\/div>\n<h5 class=\"node-tpl-updated\"><\/h5>\n","protected":false},"excerpt":{"rendered":"<p>Ouarzazate &#8211; La premi\u00e8re \u00e9dition du Forum r\u00e9gional sur le tourisme et le cin\u00e9ma de Dr\u00e2a-Tafilalet se tiendra le 14 d\u00e9cembre \u00e0 Ouarzazate sous le th\u00e8me \u00ab\u00a0Cin\u00e9-tourisme: vision et synergie\u00a0\u00bb, annoncent mercredi les organisateurs dans un communiqu\u00e9. Organis\u00e9 par la Chambre de commerce, d&rsquo;industrie et des services de la r\u00e9gion de Dr\u00e2a-Tafilalet, cet \u00e9v\u00e9nement ambitionne [&hellip;]<\/p>\n","protected":false},"author":1,"featured_media":11482,"comment_status":"open","ping_status":"open","sticky":false,"template":"","format":"standard","meta":{"footnotes":""},"categories":[22,8],"tags":[],"class_list":["post-11481","post","type-post","status-publish","format-standard","has-post-thumbnail","hentry","category-art","category-cultures"],"_links":{"self":[{"href":"https:\/\/asdaamaghribia.ma\/fr\/wp-json\/wp\/v2\/posts\/11481","targetHints":{"allow":["GET"]}}],"collection":[{"href":"https:\/\/asdaamaghribia.ma\/fr\/wp-json\/wp\/v2\/posts"}],"about":[{"href":"https:\/\/asdaamaghribia.ma\/fr\/wp-json\/wp\/v2\/types\/post"}],"author":[{"embeddable":true,"href":"https:\/\/asdaamaghribia.ma\/fr\/wp-json\/wp\/v2\/users\/1"}],"replies":[{"embeddable":true,"href":"https:\/\/asdaamaghribia.ma\/fr\/wp-json\/wp\/v2\/comments?post=11481"}],"version-history":[{"count":1,"href":"https:\/\/asdaamaghribia.ma\/fr\/wp-json\/wp\/v2\/posts\/11481\/revisions"}],"predecessor-version":[{"id":11483,"href":"https:\/\/asdaamaghribia.ma\/fr\/wp-json\/wp\/v2\/posts\/11481\/revisions\/11483"}],"wp:featuredmedia":[{"embeddable":true,"href":"https:\/\/asdaamaghribia.ma\/fr\/wp-json\/wp\/v2\/media\/11482"}],"wp:attachment":[{"href":"https:\/\/asdaamaghribia.ma\/fr\/wp-json\/wp\/v2\/media?parent=11481"}],"wp:term":[{"taxonomy":"category","embeddable":true,"href":"https:\/\/asdaamaghribia.ma\/fr\/wp-json\/wp\/v2\/categories?post=11481"},{"taxonomy":"post_tag","embeddable":true,"href":"https:\/\/asdaamaghribia.ma\/fr\/wp-json\/wp\/v2\/tags?post=11481"}],"curies":[{"name":"wp","href":"https:\/\/api.w.org\/{rel}","templated":true}]}}