{"id":11473,"date":"2023-12-10T11:33:12","date_gmt":"2023-12-10T11:33:12","guid":{"rendered":"https:\/\/asdaemaghribia.ma\/fr\/?p=11473"},"modified":"2023-12-10T11:33:12","modified_gmt":"2023-12-10T11:33:12","slug":"abdellatif-hammouchi-a-mis-en-garde-contre-les-principaux-defis-auxquels-le-monde-est-confronte","status":"publish","type":"post","link":"https:\/\/asdaamaghribia.ma\/fr\/uncategorized\/11473\/","title":{"rendered":"Abdellatif Hammouchi a mis en garde contre les principaux d\u00e9fis auxquels le monde est confront\u00e9"},"content":{"rendered":"<h5 class=\"has-text-align-center has-vivid-red-color has-text-color\"><\/h5>\n<h5 class=\"has-black-color has-text-color\"><strong>Les travaux de la 47\u00e8me Conf\u00e9rence des dirigeants arabes de la police et de la s\u00e9curit\u00e9 se sont ouverts, mercredi \u00e0 Tanger, avec la participation de hauts responsables de la s\u00e9curit\u00e9.<br \/>\n<\/strong><br \/>\nCe conclave de deux jours connait la participation du Secr\u00e9taire g\u00e9n\u00e9ral du Conseil des ministres arabes de l\u2019Int\u00e9rieur, du pr\u00e9sident de l\u2019Organisation internationale de police criminelle (Interpol), du pr\u00e9sident de l\u2019Universit\u00e9 arabe Naif des Sciences s\u00e9curitaires (NAUSS), et des chefs de police et de s\u00e9curit\u00e9 d\u2019une vingtaine de pays arabes ainsi que de six organisations r\u00e9gionales et internationales.<br \/>\nLa 47\u00e8me Conf\u00e9rence des dirigeants arabes de la police et de la s\u00e9curit\u00e9 est l\u2019occasion de d\u00e9battre de divers sujets dont l\u2019utilisation des technologies modernes dans la lutte contre le terrorisme et le crime organis\u00e9. Les recommandations issues des conf\u00e9rences des chefs de s\u00e9curit\u00e9 et des r\u00e9unions des comit\u00e9s tenues dans le cadre du Secr\u00e9tariat g\u00e9n\u00e9ral au cours de l\u2019ann\u00e9e 2023 seront \u00e9galement examin\u00e9es lors de cette conf\u00e9rence.<\/p>\n<p>Intervenant lors de la s\u00e9ance d\u2019ouverture, le Directeur g\u00e9n\u00e9ral de la s\u00fbret\u00e9 nationale et de la surveillance du territoire, M. Abdellatif Hammouchi, a soulign\u00e9 que l\u2019accueil par le Maroc, en particulier la ville de Tanger, de cet \u00e9v\u00e9nement s\u00e9curitaire d\u2019envergure refl\u00e8te l\u2019engagement du Royaume \u00e0 consolider la s\u00e9curit\u00e9 dans la r\u00e9gion arabe et \u00e0 assurer la stabilit\u00e9 dans tout l\u2019espace arabe, notant que la tenue de cette rencontre intervient \u00e0 un moment marqu\u00e9 par la recrudescence de plusieurs formes de criminalit\u00e9 transfrontali\u00e8re dans diff\u00e9rents pays du monde, et dans une conjoncture qui reste ouverte \u00e0 de nombreux d\u00e9fis s\u00e9curitaires avec la mont\u00e9e de la menace terroriste et de ses liaisons avec les r\u00e9seaux transfrontaliers du crime organis\u00e9.<br \/>\nPour M. Hammouchi, les plus grands d\u00e9fis auxquels fait face le monde aujourd\u2019hui sont ceux li\u00e9s \u00e0 l\u2019expansion de la menace terroriste, en raison de l\u2019\u00e9mergence de groupements r\u00e9gionaux d\u2019organisations terroristes, notamment dans les pays du Sahel et du Sahara et dans la profondeur africaine des pays arabes.<br \/>\nAussi, la r\u00e9gion arabe est \u00e9galement confront\u00e9e aux flux croissants de migrants irr\u00e9guliers dans le cadre de r\u00e9seaux criminels organis\u00e9s, qui misent souvent sur l\u2019infiltration s\u00e9curitaire des points de contr\u00f4le aux fronti\u00e8res nationales des Etats, en plus de l\u2019augmentation de risques li\u00e9s aux d\u00e9fis pos\u00e9s par les r\u00e9seaux de trafic de stup\u00e9fiants et de substances psychotropes, notamment avec la prolif\u00e9ration de nombreuses drogues de synth\u00e8se qui poussent de nombreux consommateurs \u00e0 commettre des crimes violents, a-t-il ajout\u00e9.<br \/>\nA cet \u00e9gard, M. Hammouchi a not\u00e9 que les services de s\u00e9curit\u00e9 ont constat\u00e9, durant la phase post-covid, une augmentation des indicateurs de la cybercriminalit\u00e9 et la prolif\u00e9ration des cas de fraude et de cyber-extorsion, ce qui constitue une grave menace pour les \u00e9conomies nationales, la s\u00e9curit\u00e9 des pays et des donn\u00e9es personnelles des citoyens, avec l\u2019\u00e9mergence de nombreux crimes complexes, soulignant la n\u00e9cessit\u00e9 de constituer un front s\u00e9curitaire commun capable de faire face \u00e0 la menace terroriste et aux r\u00e9seaux criminels, d\u2019\u00e9radiquer les bases arri\u00e8res d\u2019entra\u00eenement, d\u2019ass\u00e9cher les sources de financement, et de lutter contre les refuges des r\u00e9seaux criminels.<br \/>\nPar ailleurs, il a mis l\u2019accent sur l\u2019importance des sujets trait\u00e9s lors de cette conf\u00e9rence, qui font la jonction entre l\u2019aspect s\u00e9curitaire et la n\u00e9cessit\u00e9 de coordonner les efforts et d\u2019\u00e9changer les exp\u00e9riences, afin d\u2019assurer une lutte efficace et une r\u00e9ponse r\u00e9solue \u00e0 tous les ph\u00e9nom\u00e8nes et \u00e0 l\u2019utilisation des nouvelles technologies dans les op\u00e9rations terroristes, ainsi que la dimension humanitaire, \u00e0 travers l\u2019inclusion d\u2019un m\u00e9canisme de coordination entre les pays arabes, qui traduit l\u2019int\u00e9r\u00eat particulier accord\u00e9 par les institutions s\u00e9curitaires \u00e0 leurs ressources humaines, vu qu\u2019elles constituent le fer de lance de la r\u00e9ussite d\u2019une politique de s\u00e9curit\u00e9 et un moyen efficace pour promouvoir le r\u00f4le social de la police et de lui permettre d\u2019exercer, de mani\u00e8re optimale, ses missions s\u00e9curitaires au service de la nation et des citoyens.<br \/>\nEt d\u2019affirmer que le Maroc accorde une grande importance au succ\u00e8s de ce conclave, \u00e9tant conscient de l\u2019importance d\u2019un front s\u00e9curitaire arabe capable de faire face \u00e0 la prolif\u00e9ration r\u00e9gionale des risques s\u00e9curitaires au niveau arabe, et de l\u2019imp\u00e9ratif de la coordination avec les organisations s\u00e9curitaires mondiales et r\u00e9gionales participant \u00e0 la conf\u00e9rence, pour renforcer la s\u00e9curit\u00e9 mondiale.<\/h5>\n<h5 class=\"has-black-color has-text-color\"><a href=\"http:\/\/asdaemaghribia.ma\/fr\/wp-content\/uploads\/2023\/12\/hammouchi2.jpg\"><img loading=\"lazy\" decoding=\"async\" class=\"aligncenter size-full wp-image-11479\" src=\"http:\/\/asdaemaghribia.ma\/fr\/wp-content\/uploads\/2023\/12\/hammouchi2.jpg\" alt=\"\" width=\"668\" height=\"291\" srcset=\"https:\/\/asdaamaghribia.ma\/fr\/wp-content\/uploads\/2023\/12\/hammouchi2.jpg 668w, https:\/\/asdaamaghribia.ma\/fr\/wp-content\/uploads\/2023\/12\/hammouchi2-300x131.jpg 300w\" sizes=\"auto, (max-width: 668px) 100vw, 668px\" \/><\/a><br \/>\nLe Directeur g\u00e9n\u00e9ral de la s\u00fbret\u00e9 nationale et de la surveillance du territoire a \u00e9galement r\u00e9it\u00e9r\u00e9 l\u2019engagement du Maroc \u00e0 appuyer la coop\u00e9ration arabe et internationale et \u00e0 renforcer les m\u00e9canismes de lutte contre le terrorisme et les diff\u00e9rentes formes du crime organis\u00e9, exprimant la disposition des services de s\u00e9curit\u00e9 marocains \u00e0 partager leur exp\u00e9rience avec tous les \u00c9tats membres, afin de faire face de mani\u00e8re ferme aux risques et menaces criminels.<br \/>\nAu d\u00e9but des travaux de ce conclave, M. Hammouchi a pr\u00e9sent\u00e9 aux participants une vid\u00e9o qui met en avant le Maroc et ses forces de s\u00e9curit\u00e9 ainsi que les divers aspects de d\u00e9veloppement et de modernisation du Royaume sous la Sage Conduite de SM le Roi Mohammed VI. Cette vid\u00e9o a \u00e9t\u00e9 diffus\u00e9e lors de la pr\u00e9sentation de la candidature marocaine pour accueillir la 93\u00e8 session de l\u2019Assembl\u00e9e g\u00e9n\u00e9rale de l\u2019Organisation internationale de police criminelle Interpol, qui se tiendra \u00e0 Marrakech en 2025.<\/h5>\n<h5 class=\"has-black-color has-text-color\">Mohammed Ben Ali Koman\u00a0: \u00ab\u00a0la position du monde arabe se renforce dans la coop\u00e9ration polici\u00e8re internationale\u00a0\u00bb<\/h5>\n<h5 class=\"has-black-color has-text-color\">\nPour sa part, le Secr\u00e9taire g\u00e9n\u00e9ral du Conseil des ministres arabes de l\u2019Int\u00e9rieur, M. Mohammed Ben Ali Koman, a exprim\u00e9 ses sinc\u00e8res remerciements et sa profonde gratitude \u00e0 Sa Majest\u00e9 le Roi Mohammed VI pour Ses efforts soutenus au service des questions arabes et du renforcement de la paix et de la s\u00e9curit\u00e9 internationales et pour l\u2019attention constante accord\u00e9e par le Souverain \u00e0 l\u2019action arabe commune en mati\u00e8re de s\u00e9curit\u00e9.<br \/>\nM. Ben Ali Koman a soulign\u00e9 que le choix du Maroc pour accueillir la 93\u00e8me session de l\u2019Assembl\u00e9e g\u00e9n\u00e9rale de l\u2019Organisation internationale de la police criminelle (Interpol) intervient en reconnaissance de la place distingu\u00e9e qu\u2019occupe aujourd\u2019hui le Royaume, un pays dot\u00e9 de tous les \u00e9quipements et les infrastructures n\u00e9cessaires \u00e0 m\u00eame d\u2019assurer la r\u00e9ussite d\u2019\u00e9v\u00e8nements de grande envergure. De m\u00eame, il a not\u00e9 que l\u2019organisation de cette conf\u00e9rence \u00e0 Tanger permettra de renforcer la position du monde arabe dans la coop\u00e9ration polici\u00e8re internationale.<br \/>\nAussi, il a relev\u00e9 que l\u2019organisation par le Maroc de la Coupe du Monde 2030, aux c\u00f4t\u00e9s de l\u2019Espagne et du Portugal, traduit la confiance en ses instances nationales, ce qui contribuera certainement \u00e0 renforcer l\u2019image rayonnante des pays arabes.<br \/>\nM. Ben Ali Koman a, par ailleurs, salu\u00e9 le choix du th\u00e8me \u00ab\u00a0l\u2019usage des technologies modernes dans la lutte contre le terrorisme et le crime organis\u00e9\u00a0\u00bb, qui sera d\u00e9battu lors de cette conf\u00e9rence, compte tenu des d\u00e9fis que pose cette utilisation aux services de police, soulignant que cette question n\u2019est pas seulement li\u00e9e \u00e0 la cybercriminalit\u00e9, malgr\u00e9 sa gravit\u00e9 et la difficult\u00e9 d\u2019y faire face, mais concerne \u00e9galement le recours \u00e0 de nouveaux moyens technologiques, tels que les drones utilis\u00e9s pour commettre des actes terroristes et \u00e0 des fins de trafic de drogue et d\u2019autres formes du crime organis\u00e9.<\/h5>\n<h5 class=\"has-black-color has-text-color\">\u00a0De son c\u00f4t\u00e9, le pr\u00e9sident d\u2019Interpol, M. Ahmed Naser Al-Raisi, a salu\u00e9 le d\u00e9veloppement soutenu du Maroc ainsi que l\u2019efficacit\u00e9 et le professionnalisme de ses institutions s\u00e9curitaires qui font du Royaume un havre de s\u00e9curit\u00e9 et de paix et un partenaire s\u00fbr dans les efforts d\u2019\u00e9dification d\u2019un monde plus s\u00fbr et stable.<\/p>\n<p>Cette conf\u00e9rence a \u00e9t\u00e9 marqu\u00e9e par la pr\u00e9sentation d\u2019un expos\u00e9 sur l\u2019exp\u00e9rience marocaine dans la lutte contre la cybercriminalit\u00e9, notamment le cadre juridique et r\u00e9glementaire et les m\u00e9canismes de lutte contre cette forme de criminalit\u00e9. La d\u00e9l\u00e9gation s\u00e9curitaire qatarie \u00e0 cette conf\u00e9rence, a pr\u00e9sent\u00e9 un expos\u00e9 dans lequel elle a mis en relief l\u2019exp\u00e9rience du Qatar lors de l\u2019organisation et la s\u00e9curisation de la Coupe du Monde de la FIFA 2022.<\/p>\n<p>A cette occasion, M. Ben Ali Koman a pr\u00e9sent\u00e9 les recommandations de la 47\u00e8me Conf\u00e9rence des dirigeants arabes de la police et de la s\u00e9curit\u00e9 et r\u00e9v\u00e9l\u00e9 la liste des pays qui ont remport\u00e9 le prix des meilleurs films de sensibilisation, produits par les institutions et d\u00e9partements de s\u00e9curit\u00e9 dans le cadre de leurs missions de communication et humanitaires.<\/p>\n<p>Le Royaume du Maroc, repr\u00e9sent\u00e9 par la DGSN, a remport\u00e9 le prix du meilleur film de sensibilisation dans le domaine de la police soci\u00e9tale, apr\u00e8s avoir pr\u00e9sent\u00e9 une vid\u00e9o institutionnelle mettant en exergue les sacrifices consentis par les \u00e9l\u00e9ments de police lors des op\u00e9rations d\u2019assistance et de secours men\u00e9es suite au s\u00e9isme d\u2019Al Haouz.<\/p>\n<p>Organis\u00e9 par le Maroc, repr\u00e9sent\u00e9 par la Direction g\u00e9n\u00e9rale de la s\u00fbret\u00e9 nationale (DGSN), en partenariat avec le Secr\u00e9tariat g\u00e9n\u00e9ral du Conseil des ministres arabes de l\u2019Int\u00e9rieur, cet \u00e9v\u00e9nement r\u00e9unit notamment des repr\u00e9sentants du Conseil de coop\u00e9ration du Golfe (CCG), de l\u2019Organisation internationale de police criminelle (Interpol), du Bureau des Nations Unies de lutte contre le terrorisme, de l\u2019Office des Nations Unies contre la drogue et le crime, du M\u00e9canisme de coop\u00e9ration polici\u00e8re de l\u2019Union africaine (Afripol), de l\u2019Agence de formation des forces de l\u2019ordre de l\u2019Union europ\u00e9enne (Europol), de l\u2019Universit\u00e9 arabe Naif des sciences de la s\u00e9curit\u00e9 (NAUSS) et de l\u2019Union sportive arabe de police (USAP), entre autres organisations.<\/p>\n<p>Ce conclave connait la participation de la plupart des pays arabes, dont le Royaume du Maroc, la Jordanie, les \u00c9mirats arabes unis, le Bahre\u00efn, la Tunisie, Djibouti, l\u2019Arabie saoudite, le Soudan, la Syrie, l\u2019Irak, le Sultanat d\u2019Oman, la Palestine, le Qatar, les \u00eeles Comores, le Kowe\u00eft, le Liban, la Libye, l\u2019\u00c9gypte, la Mauritanie et le Y\u00e9men.<\/h5>\n","protected":false},"excerpt":{"rendered":"<p>Les travaux de la 47\u00e8me Conf\u00e9rence des dirigeants arabes de la police et de la s\u00e9curit\u00e9 se sont ouverts, mercredi \u00e0 Tanger, avec la participation de hauts responsables de la s\u00e9curit\u00e9. Ce conclave de deux jours connait la participation du Secr\u00e9taire g\u00e9n\u00e9ral du Conseil des ministres arabes de l\u2019Int\u00e9rieur, du pr\u00e9sident de l\u2019Organisation internationale de [&hellip;]<\/p>\n","protected":false},"author":1,"featured_media":11478,"comment_status":"open","ping_status":"open","sticky":false,"template":"","format":"standard","meta":{"footnotes":""},"categories":[11,19,1],"tags":[],"class_list":["post-11473","post","type-post","status-publish","format-standard","has-post-thumbnail","hentry","category-actualites","category-m-a","category-uncategorized"],"_links":{"self":[{"href":"https:\/\/asdaamaghribia.ma\/fr\/wp-json\/wp\/v2\/posts\/11473","targetHints":{"allow":["GET"]}}],"collection":[{"href":"https:\/\/asdaamaghribia.ma\/fr\/wp-json\/wp\/v2\/posts"}],"about":[{"href":"https:\/\/asdaamaghribia.ma\/fr\/wp-json\/wp\/v2\/types\/post"}],"author":[{"embeddable":true,"href":"https:\/\/asdaamaghribia.ma\/fr\/wp-json\/wp\/v2\/users\/1"}],"replies":[{"embeddable":true,"href":"https:\/\/asdaamaghribia.ma\/fr\/wp-json\/wp\/v2\/comments?post=11473"}],"version-history":[{"count":1,"href":"https:\/\/asdaamaghribia.ma\/fr\/wp-json\/wp\/v2\/posts\/11473\/revisions"}],"predecessor-version":[{"id":11480,"href":"https:\/\/asdaamaghribia.ma\/fr\/wp-json\/wp\/v2\/posts\/11473\/revisions\/11480"}],"wp:featuredmedia":[{"embeddable":true,"href":"https:\/\/asdaamaghribia.ma\/fr\/wp-json\/wp\/v2\/media\/11478"}],"wp:attachment":[{"href":"https:\/\/asdaamaghribia.ma\/fr\/wp-json\/wp\/v2\/media?parent=11473"}],"wp:term":[{"taxonomy":"category","embeddable":true,"href":"https:\/\/asdaamaghribia.ma\/fr\/wp-json\/wp\/v2\/categories?post=11473"},{"taxonomy":"post_tag","embeddable":true,"href":"https:\/\/asdaamaghribia.ma\/fr\/wp-json\/wp\/v2\/tags?post=11473"}],"curies":[{"name":"wp","href":"https:\/\/api.w.org\/{rel}","templated":true}]}}