{"id":11427,"date":"2023-12-09T18:21:44","date_gmt":"2023-12-09T18:21:44","guid":{"rendered":"https:\/\/asdaemaghribia.ma\/fr\/?p=11427"},"modified":"2023-12-09T18:21:44","modified_gmt":"2023-12-09T18:21:44","slug":"colloque-international-sur-limpact-de-lia-dans-le-secteur-educatif-les-12-et-13-decembre-a-rabat","status":"publish","type":"post","link":"https:\/\/asdaamaghribia.ma\/fr\/sport\/11427\/","title":{"rendered":"Colloque international sur l&rsquo;impact de l&rsquo;IA dans le secteur \u00e9ducatif, les 12 et 13 d\u00e9cembre \u00e0 Rabat"},"content":{"rendered":"<h5 class=\"node-tpl-ville-accroche\"><strong>Rabat &#8211; Le Conseil Sup\u00e9rieur de l&rsquo;\u00c9ducation, de la Formation et de la Recherche Scientifique (CSEFRS) organise, les 12 et 13 d\u00e9cembre \u00e0 Rabat, un colloque international sur l&rsquo;Intelligence Artificielle (IA) et son impact dans le secteur \u00e9ducatif.<\/strong><\/h5>\n<div class=\"node-wrapper-img-corps\">\n<div class=\"node-tpl-corps\">\n<h5><strong>\u00a0Plac\u00e9 sous le th\u00e8me \u00ab\u00a0L&rsquo;intelligence artificielle : levier de transformation de l\u2019\u00e9ducation, de la formation et de la recherche scientifique\u00a0\u00bb, ce conclave vise \u00e0 clarifier et faire comprendre les concepts cl\u00e9s li\u00e9s \u00e0 l&rsquo;IA, \u00e0 discuter des d\u00e9fis et opportunit\u00e9s sociaux d\u00e9coulant de ces technologies, indique le Conseil dans un communiqu\u00e9.<\/strong><\/h5>\n<h5><strong>De m\u00eame, il ambitionne de mettre en lumi\u00e8re l&rsquo;impact de l&rsquo;intelligence artificielle dans les domaines de l&rsquo;\u00e9ducation, de la formation et de la recherche scientifique et \u00e0 contribuer \u00e0 l&rsquo;\u00e9laboration d&rsquo;une vision nationale et panafricaine de l&rsquo;IA.<\/strong><\/h5>\n<h5><strong>Ce colloque r\u00e9unira des experts nationaux et internationaux, des praticiens, des chercheurs, ainsi que des repr\u00e9sentants gouvernementaux pour discuter des implications, des opportunit\u00e9s, et des d\u00e9fis li\u00e9s \u00e0 l&rsquo;int\u00e9gration de l&rsquo;IA dans le secteur \u00e9ducatif.<\/strong><\/h5>\n<h5><strong>Les discussions du colloque s&rsquo;articulent autour de trois axes majeurs, \u00e0 savoir, la compr\u00e9hension de l&rsquo;IA, avec des d\u00e9bats sur son \u00e9volution, ses applications pratiques et les tendances \u00e9mergentes; les r\u00e9glementations et \u00e9thiques li\u00e9es \u00e0 l&rsquo;IA, incluant des discussions sur la protection de la vie priv\u00e9e, les limites \u00e9thiques, la responsabilit\u00e9 en cas d&rsquo;erreurs, et les principes \u00e9thiques de la recherche en IA. Elles portent aussi sur l&rsquo;int\u00e9gration de l&rsquo;IA dans l&rsquo;\u00e9ducation, avec une exploration des possibilit\u00e9s et des d\u00e9fis li\u00e9s \u00e0 son utilisation pour am\u00e9liorer les processus d&rsquo;apprentissage et d&rsquo;enseignement, conclut le communiqu\u00e9.<\/strong><\/h5>\n<p>MAP \/ASDAE<\/p>\n<\/div>\n<\/div>\n","protected":false},"excerpt":{"rendered":"<p>Rabat &#8211; Le Conseil Sup\u00e9rieur de l&rsquo;\u00c9ducation, de la Formation et de la Recherche Scientifique (CSEFRS) organise, les 12 et 13 d\u00e9cembre \u00e0 Rabat, un colloque international sur l&rsquo;Intelligence Artificielle (IA) et son impact dans le secteur \u00e9ducatif. \u00a0Plac\u00e9 sous le th\u00e8me \u00ab\u00a0L&rsquo;intelligence artificielle : levier de transformation de l\u2019\u00e9ducation, de la formation et de [&hellip;]<\/p>\n","protected":false},"author":1,"featured_media":11428,"comment_status":"open","ping_status":"open","sticky":false,"template":"","format":"standard","meta":{"footnotes":""},"categories":[11,5],"tags":[],"class_list":["post-11427","post","type-post","status-publish","format-standard","has-post-thumbnail","hentry","category-actualites","category-sport"],"_links":{"self":[{"href":"https:\/\/asdaamaghribia.ma\/fr\/wp-json\/wp\/v2\/posts\/11427","targetHints":{"allow":["GET"]}}],"collection":[{"href":"https:\/\/asdaamaghribia.ma\/fr\/wp-json\/wp\/v2\/posts"}],"about":[{"href":"https:\/\/asdaamaghribia.ma\/fr\/wp-json\/wp\/v2\/types\/post"}],"author":[{"embeddable":true,"href":"https:\/\/asdaamaghribia.ma\/fr\/wp-json\/wp\/v2\/users\/1"}],"replies":[{"embeddable":true,"href":"https:\/\/asdaamaghribia.ma\/fr\/wp-json\/wp\/v2\/comments?post=11427"}],"version-history":[{"count":1,"href":"https:\/\/asdaamaghribia.ma\/fr\/wp-json\/wp\/v2\/posts\/11427\/revisions"}],"predecessor-version":[{"id":11429,"href":"https:\/\/asdaamaghribia.ma\/fr\/wp-json\/wp\/v2\/posts\/11427\/revisions\/11429"}],"wp:featuredmedia":[{"embeddable":true,"href":"https:\/\/asdaamaghribia.ma\/fr\/wp-json\/wp\/v2\/media\/11428"}],"wp:attachment":[{"href":"https:\/\/asdaamaghribia.ma\/fr\/wp-json\/wp\/v2\/media?parent=11427"}],"wp:term":[{"taxonomy":"category","embeddable":true,"href":"https:\/\/asdaamaghribia.ma\/fr\/wp-json\/wp\/v2\/categories?post=11427"},{"taxonomy":"post_tag","embeddable":true,"href":"https:\/\/asdaamaghribia.ma\/fr\/wp-json\/wp\/v2\/tags?post=11427"}],"curies":[{"name":"wp","href":"https:\/\/api.w.org\/{rel}","templated":true}]}}