{"id":11407,"date":"2023-12-09T16:50:32","date_gmt":"2023-12-09T16:50:32","guid":{"rendered":"https:\/\/asdaemaghribia.ma\/fr\/?p=11407"},"modified":"2023-12-09T17:33:24","modified_gmt":"2023-12-09T17:33:24","slug":"11407","status":"publish","type":"post","link":"https:\/\/asdaamaghribia.ma\/fr\/uncategorized\/11407\/","title":{"rendered":"\u201cVers un partenariat novateur, renouvel\u00e9 et enracin\u00e9 entre le Royaume du Maroc et l\u2019Etat des Emirats Arabes Unis\u201d"},"content":{"rendered":"\r\n<figure class=\"wp-block-image\"><a href=\"https:\/\/lematin.ma\/activites-royales\/vers-un-partenariat-novateur-entre-le-maroc-et-les-emirats-arabes-unis\/203301\"><img decoding=\"async\" src=\"https:\/\/cdn4.premiumread.com\/?url=https:\/\/lematin.ma\/lematin\/uploads\/images\/2023\/12\/04\/270703.jpg&amp;w=600&amp;q=72&amp;f=jpg&amp;t=1\" alt=\"S.M. le Roi et le Pr\u00e9sident de l'EEAU signent la D\u00e9claration &quot;Vers un partenariat novateur, renouvel\u00e9 et enracin\u00e9 entre le Royaume du Maroc et l\u2019Etat des Emirats Arabes Unis&quot;\" \/><\/a><\/figure>\r\n\r\n\r\n\r\n<p>&nbsp;<\/p>\r\n\r\n\r\n\r\n<p>&nbsp;<\/p>\r\n\r\n\r\n\r\n<p><strong><span style=\"color: #0000ff;\">Sa Majest\u00e9 le Roi Mohammed VI et Son Altesse Cheikh Mohammed Ben Zayed Al-Nahyane, Pr\u00e9sident de l\u2019Etat des Emirats Arabes Unis, ont sign\u00e9, lundi \u00e0 Abou Dhabi, la D\u00e9claration \u201cVers un partenariat novateur, renouvel\u00e9 et enracin\u00e9 entre le Royaume du Maroc et l\u2019Etat des Emirats Arabes Unis\u201d, visant \u00e0 rehausser les relations entre les deux pays et leur coop\u00e9ration commune vers des horizons plus larges, par le biais de partenariats \u00e9conomiques agissants au service des int\u00e9r\u00eats supr\u00eames mutuels et g\u00e9n\u00e9rateurs de progr\u00e8s et de prosp\u00e9rit\u00e9 pour les deux peuples fr\u00e8res. <\/span><\/strong><\/p>\r\n\r\n\r\n\r\n<p>En voici la traduction :<\/p>\r\n\r\n\r\n\r\n<p>\u00ab\u00a0Dans le cadre de la visite de travail et de fraternit\u00e9 qu\u2019effectue <strong>Sa Majest\u00e9 le Roi Mohammed VI<\/strong>, Souverain du <strong>Royaume du Maroc <\/strong>fr\u00e8re, \u00e0 l\u2019Etat des <strong>Emirats Arabes Unis<\/strong> fr\u00e8re, suite \u00e0 l\u2019aimable invitation de Son Fr\u00e8re, <strong>Son Altesse Cheikh Mohammed Ben Zayed Al-Nahyane<\/strong>, Chef de l\u2019Etat, les deux dirigeants ont eu des entretiens bilat\u00e9raux fructueux visant \u00e0 consolider et \u00e0 hisser la coop\u00e9ration bilat\u00e9rale vers des horizons plus larges.<\/p>\r\n\r\n\r\n\r\n<p>D\u2019embl\u00e9e, Sa Majest\u00e9 le Roi, que Dieu Le glorifie, a f\u00e9licit\u00e9 Son fr\u00e8re Cheikh Mohammed Ben Zayed Al-Nahyane, Pr\u00e9sident de l\u2019Etat des Emirats Arabes Unis, que Dieu le pr\u00e9serve, pour Son patronage bienveillant et r\u00e9ussi de la 28\u00e8me <strong>Conf\u00e9rence des Parties \u00e0 la Convention-cadre des Nations unies sur les changements climatiques (COP28)<\/strong>, \u00e0 Duba\u00ef. Le Souverain a, \u00e9galement, r\u00e9it\u00e9r\u00e9 Ses chaleureuses f\u00e9licitations \u00e0 Son Altesse, \u00e0 l\u2019occasion de la c\u00e9l\u00e9bration du 52\u00e8me anniversaire de la<strong> f\u00eate de l\u2019Union de l\u2019Etat des Emirats Arabes Unis<\/strong>, saluant le d\u00e9veloppement, le progr\u00e8s et la prosp\u00e9rit\u00e9 que connait le pays sous la sage conduite de Son Altesse, ainsi que la pr\u00e9sence distingu\u00e9e des Emirats Arabes unis sur la sc\u00e8ne internationale.<\/p>\r\n\r\n\r\n\r\n<p>Lors de cet entretien, les dirigeants des deux pays se sont r\u00e9jouis de la profondeur des <strong>liens de fraternit\u00e9<\/strong> authentique et d\u2019affection sinc\u00e8re, des relations d\u2019estime mutuelle et de compr\u00e9hension constante qui les unissent, exprimant leur pleine satisfaction de la solidit\u00e9 des liens de <strong>coop\u00e9ration<\/strong> fructueuse et de solidarit\u00e9 agissante entre les deux pays fr\u00e8res.<\/p>\r\n\r\n\r\n\r\n<p><strong>Sa Majest\u00e9 le Roi<\/strong> et le <strong>Pr\u00e9sident \u00e9mirati <\/strong>ont r\u00e9it\u00e9r\u00e9, en outre, leur ferme volont\u00e9 de renforcer, de poursuivre et de d\u00e9velopper davantage ces relations exceptionnelles, et de les hisser au rang d\u2019un <strong>partenariat<\/strong> innovant, renouvel\u00e9 et multidimensionnel couvrant tous les domaines ; un partenariat ambitieux dans ses objectifs, novateur dans ses modes de consolidation et avanc\u00e9 dans ses m\u00e9canismes de mise en \u0153uvre, et ce sur la base des int\u00e9r\u00eats communs et au service des deux peuples fr\u00e8res.<\/p>\r\n\r\n\r\n\r\n<p>A cette occasion, <strong>Sa Majest\u00e9 le Roi<\/strong>, que Dieu Le glorifie, a soulign\u00e9 les r\u00e9alisations que conna\u00eet le Royaume, notamment dans le domaine des infrastructures et les r\u00e9formes structurelles op\u00e9r\u00e9es dans divers secteurs, ainsi que les mesures l\u00e9gislatives et r\u00e9glementaires d\u2019accompagnement, destin\u00e9es \u00e0 encourager l\u2019initiative et l\u2019investissement. Le Souverain a mis en exergue, en outre, la Vision Royale en mati\u00e8re de promotion du <strong>d\u00e9veloppement \u00e9conomique et social<\/strong> dans le pays, fond\u00e9e sur l\u2019<strong>investissement productif <\/strong>\u00e0 m\u00eame de b\u00e9n\u00e9ficier aux deux parties.<\/p>\r\n\r\n\r\n\r\n<p><strong>Sa Majest\u00e9 le Roi <\/strong>a mis l\u2019accent sur la grande ambition qui anime le Maroc en vue de pers\u00e9v\u00e9rer sur la voie du progr\u00e8s \u00e9conomique et social, \u00e0 la faveur du lancement d\u2019un grand nombre de chantiers et d\u2019investissements visant davantage de r\u00e9alisations en mati\u00e8re sociale et de d\u00e9veloppement, notamment dans la perspective de l\u2019organisation des phases finales de la<strong> Coupe du Monde 2030<\/strong>. Dans cette dynamique, il veille \u00e0 permettre aux pays fr\u00e8res et \u00e0 ses partenaires de contribuer auxdites r\u00e9alisations et d\u2019acc\u00e9der aux opportunit\u00e9s d\u2019investissement multiples et prometteuses qu\u2019offre le Royaume.<\/p>\r\n\r\n\r\n\r\n<p>Pour sa part, <strong>Son Altesse Cheikh Mohammed Ben Zayed Al-Nahyane<\/strong>, que Dieu le pr\u00e9serve, a salu\u00e9 le succ\u00e8s des <strong>projets d\u2019investissement <\/strong>initi\u00e9s par l\u2019Etat des<strong> Emirats Arabes Unis<\/strong> au <strong>Maroc<\/strong>, se f\u00e9licitant tout particuli\u00e8rement des opportunit\u00e9s et potentialit\u00e9s qu\u2019offre l\u2019<strong>\u00e9conomie marocaine<\/strong> dans le domaine de l\u2019investissement, ainsi que les atouts multiples et diversifi\u00e9s dont elle regorge, arrim\u00e9s \u00e0 un climat des affaires stimulant, et \u00e0 un environnement de s\u00e9curit\u00e9 et de stabilit\u00e9 qui singularisent le Maroc et font de lui une destination attractive pour l\u2019investissement.<\/p>\r\n","protected":false},"excerpt":{"rendered":"<p>&nbsp; &nbsp; Sa Majest\u00e9 le Roi Mohammed VI et Son Altesse Cheikh Mohammed Ben Zayed Al-Nahyane, Pr\u00e9sident de l\u2019Etat des Emirats Arabes Unis, ont sign\u00e9, lundi \u00e0 Abou Dhabi, la D\u00e9claration \u201cVers un partenariat novateur, renouvel\u00e9 et enracin\u00e9 entre le Royaume du Maroc et l\u2019Etat des Emirats Arabes Unis\u201d, visant \u00e0 rehausser les relations entre [&hellip;]<\/p>\n","protected":false},"author":1,"featured_media":11410,"comment_status":"open","ping_status":"open","sticky":false,"template":"","format":"standard","meta":{"footnotes":""},"categories":[10,12,1],"tags":[],"class_list":["post-11407","post","type-post","status-publish","format-standard","has-post-thumbnail","hentry","category-activites-royales","category-la-une","category-uncategorized"],"_links":{"self":[{"href":"https:\/\/asdaamaghribia.ma\/fr\/wp-json\/wp\/v2\/posts\/11407","targetHints":{"allow":["GET"]}}],"collection":[{"href":"https:\/\/asdaamaghribia.ma\/fr\/wp-json\/wp\/v2\/posts"}],"about":[{"href":"https:\/\/asdaamaghribia.ma\/fr\/wp-json\/wp\/v2\/types\/post"}],"author":[{"embeddable":true,"href":"https:\/\/asdaamaghribia.ma\/fr\/wp-json\/wp\/v2\/users\/1"}],"replies":[{"embeddable":true,"href":"https:\/\/asdaamaghribia.ma\/fr\/wp-json\/wp\/v2\/comments?post=11407"}],"version-history":[{"count":5,"href":"https:\/\/asdaamaghribia.ma\/fr\/wp-json\/wp\/v2\/posts\/11407\/revisions"}],"predecessor-version":[{"id":11423,"href":"https:\/\/asdaamaghribia.ma\/fr\/wp-json\/wp\/v2\/posts\/11407\/revisions\/11423"}],"wp:featuredmedia":[{"embeddable":true,"href":"https:\/\/asdaamaghribia.ma\/fr\/wp-json\/wp\/v2\/media\/11410"}],"wp:attachment":[{"href":"https:\/\/asdaamaghribia.ma\/fr\/wp-json\/wp\/v2\/media?parent=11407"}],"wp:term":[{"taxonomy":"category","embeddable":true,"href":"https:\/\/asdaamaghribia.ma\/fr\/wp-json\/wp\/v2\/categories?post=11407"},{"taxonomy":"post_tag","embeddable":true,"href":"https:\/\/asdaamaghribia.ma\/fr\/wp-json\/wp\/v2\/tags?post=11407"}],"curies":[{"name":"wp","href":"https:\/\/api.w.org\/{rel}","templated":true}]}}